{"id":540832,"date":"2025-11-17T18:46:15","date_gmt":"2025-11-17T18:46:15","guid":{"rendered":"https:\/\/www.europesays.com\/fr\/540832\/"},"modified":"2025-11-17T18:46:15","modified_gmt":"2025-11-17T18:46:15","slug":"transferts-pro-d2-pilier-droit-deuxieme-ligne-les-pistes-du-recrutement-de-biarritz","status":"publish","type":"post","link":"https:\/\/www.europesays.com\/fr\/540832\/","title":{"rendered":"Transferts \/ Pro D2 \u2013 Pilier droit, deuxi\u00e8me ligne\u00a0: les pistes du recrutement de Biarritz"},"content":{"rendered":"<p>\n                Ces derni\u00e8res semaines, le Biarritz olympique a commenc\u00e9 \u00e0 avancer ses pions et nouer de premiers contacts pour b\u00e2tir son effectif en vue de la saison prochaine.\n            <\/p>\n<p>Vendredi soir, les joueurs du Biarritz olympique ont termin\u00e9 le deuxi\u00e8me bloc par une d\u00e9faite face \u00e0 Dax, 18-33. Ce revers, les Rouge et Blanc vont avoir quinze jours pour le dig\u00e9rer, car ils ne retrouveront la comp\u00e9tition qu\u2019\u00e0 la fin du mois de novembre, \u00e0 Grenoble. Pendant ce laps de temps, les dirigeants du BO vont avoir du pain sur la planche, puisqu\u2019ils vont commencer \u00e0 statuer sur l\u2019avenir de la vingtaine de joueurs qui arrivent en fin de contrat.<\/p>\n<p>Un peu partout, la construction des diff\u00e9rents effectifs en vue de la saison prochaine a d\u00e9j\u00e0 d\u00e9marr\u00e9 et au BO, l\u2019axe droit de la m\u00eal\u00e9e doit \u00eatre consolid\u00e9. La direction du club s\u2019int\u00e9resse au pilier de l\u2019Aviron bayonnais, Pascal Cotet (32 ans). Il va quitter Bayonne, apr\u00e8s quatre saisons en Bleu et Blanc et cherche un point de chute. Bon joueur de m\u00eal\u00e9e ferm\u00e9e, il a la chance d\u2019\u00eatre d\u00e9j\u00e0 dans le coin et a rencontr\u00e9, en fin de semaine, le staff sportif du Biarritz olympique.<\/p>\n<p>Toujours \u00e0 droite de la m\u00eal\u00e9e, une autre piste est \u00e0 l\u2019\u00e9tude. Elle m\u00e8ne \u00e0 Christian Judge. L\u2019Anglais de 32 ans est un client. Il est titulaire indiscutable \u00e0 B\u00e9ziers, a longtemps jou\u00e9 outre-Manche (Saracens, Bath, Worcester) et peut apporter des garanties en m\u00eal\u00e9e ferm\u00e9e.<\/p>\n<p>Cameron Dodson suivi<\/p>\n<p>Au sein du paquet d\u2019avants, le BO suit aussi de pr\u00e8s le march\u00e9 des deuxi\u00e8mes lignes. Le club s\u2019int\u00e9resse au colosse de B\u00e9ziers, Cameron Dodson. Un premier contact a \u00e9t\u00e9 \u00e9tabli entre les deux parties.<\/p>\n<p>Capable de jouer quatre ou cinq, l\u2019Anglais est titulaire indiscutable \u00e0 B\u00e9ziers. Il n\u2019a \u00e9t\u00e9 que deux fois rempla\u00e7ant depuis son arriv\u00e9e, l\u2019an pass\u00e9, dans l\u2019H\u00e9rault (29 matchs, 27 titularisations). \u00c0 29 ans, il poss\u00e8de une belle exp\u00e9rience dans la division (64 rencontres jou\u00e9es). Apr\u00e8s Aurillac et B\u00e9ziers, conna\u00eetra-t-il un troisi\u00e8me club en France\u00a0?<\/p>\n","protected":false},"excerpt":{"rendered":"Ces derni\u00e8res semaines, le Biarritz olympique a commenc\u00e9 \u00e0 avancer ses pions et nouer de premiers contacts pour&hellip;\n","protected":false},"author":2,"featured_media":540833,"comment_status":"","ping_status":"","sticky":false,"template":"","format":"standard","meta":{"footnotes":""},"categories":[1416],"tags":[1011,27,479,1468,60],"class_list":{"0":"post-540832","1":"post","2":"type-post","3":"status-publish","4":"format-standard","5":"has-post-thumbnail","7":"category-rugby","8":"tag-fr","9":"tag-france","10":"tag-rugby","11":"tag-rugby-football","12":"tag-sports"},"share_on_mastodon":{"url":"https:\/\/pubeurope.com\/@fr\/115566528682183869","error":""},"_links":{"self":[{"href":"https:\/\/www.europesays.com\/fr\/wp-json\/wp\/v2\/posts\/540832","targetHints":{"allow":["GET"]}}],"collection":[{"href":"https:\/\/www.europesays.com\/fr\/wp-json\/wp\/v2\/posts"}],"about":[{"href":"https:\/\/www.europesays.com\/fr\/wp-json\/wp\/v2\/types\/post"}],"author":[{"embeddable":true,"href":"https:\/\/www.europesays.com\/fr\/wp-json\/wp\/v2\/users\/2"}],"replies":[{"embeddable":true,"href":"https:\/\/www.europesays.com\/fr\/wp-json\/wp\/v2\/comments?post=540832"}],"version-history":[{"count":0,"href":"https:\/\/www.europesays.com\/fr\/wp-json\/wp\/v2\/posts\/540832\/revisions"}],"wp:featuredmedia":[{"embeddable":true,"href":"https:\/\/www.europesays.com\/fr\/wp-json\/wp\/v2\/media\/540833"}],"wp:attachment":[{"href":"https:\/\/www.europesays.com\/fr\/wp-json\/wp\/v2\/media?parent=540832"}],"wp:term":[{"taxonomy":"category","embeddable":true,"href":"https:\/\/www.europesays.com\/fr\/wp-json\/wp\/v2\/categories?post=540832"},{"taxonomy":"post_tag","embeddable":true,"href":"https:\/\/www.europesays.com\/fr\/wp-json\/wp\/v2\/tags?post=540832"}],"curies":[{"name":"wp","href":"https:\/\/api.w.org\/{rel}","templated":true}]}}