{"id":540834,"date":"2025-11-17T18:47:12","date_gmt":"2025-11-17T18:47:12","guid":{"rendered":"https:\/\/www.europesays.com\/fr\/540834\/"},"modified":"2025-11-17T18:47:12","modified_gmt":"2025-11-17T18:47:12","slug":"paul-henri-mathieu-avant-la-phase-finale-de-coupe-davis-a-bologne-aller-au-bout-de-cette-competition-lequipe","status":"publish","type":"post","link":"https:\/\/www.europesays.com\/fr\/540834\/","title":{"rendered":"Paul-Henri Mathieu avant la phase finale de Coupe Davis \u00e0 Bologne : \u00ab Aller au bout de cette comp\u00e9tition \u00bb &#8211; L&#039;\u00c9quipe"},"content":{"rendered":"<ol>\n<li><a href=\"https:\/\/news.google.com\/rss\/articles\/CBMi4wFBVV95cUxPY3p5cXV4eF9vdXJ1Z1FYUk1BcTV4OHgtUFMxekI1RHhSWUpsZXppemktVG84cFphZ0E4RllUWHlDd1U2ZTVJRDFDVGU0Q3RWUjNzT1lkMjFiUDZzQzh5aGN2Wl9abmJYMXpST0FZVHZOekhEQmxOYmZWVWJxaWNlLVpQSWxQb0wydE5GOHdmdVdmci1iLVhjdXkxanhNQ2NWYUhHaV82SzkxVWE3YzFNRC1ma3JhYnpjeTdvU3YxZnh2ZS1JMEloZzY2alpDTGIzc2VvTG5KMk1XOEFQSUxnSFpQYw?oc=5\" target=\"_blank\" rel=\"nofollow noopener\">Paul-Henri Mathieu avant la phase finale de Coupe Davis \u00e0 Bologne : \u00ab Aller au bout de cette comp\u00e9tition \u00bb<\/a>&nbsp;&nbsp;L&rsquo;\u00c9quipe<\/li>\n<li><a href=\"https:\/\/news.google.com\/rss\/articles\/CBMiowJBVV95cUxQNHJTZXhRZHM4bFRpQ0x3QURESDBSQmk1Z3FDMy05S3IzeGN5S3ltV3loV0ZQOWFlY3lXVXJtZW9wSy1yWEh4OENhb0o5VUVheGZ0QUZld1VUcHZHWjFOV1FGVGViY1p1M1o5ZGZkRktXOXVvbDJ2clMyVVY1QVBwMEdTZVVtRXl2aGhJNVh6a19RTzBtdmZqMUd0ZHlyY1VfdzY3ZTlCd0ZKSkNuRHk2ZExqbW1IMlBUUk5zbkdsY2ZkXzdmb0V2YUhGWTJnV2l0Nnd1bUVnLWxReDR6RnJZVm82QlA5Q2RPY2RqUHl3Q2pMR0xNbzBtX050cWt1blg1d0hrRk04YXVhS2Z3ekp1bmY5N0pVOHF2cFZ3QUtNdk5TcUk?oc=5\" target=\"_blank\" rel=\"nofollow noopener\">H\u00e9ros de la Belgique en Coupe Davis, Rapha\u00ebl Collignon a d\u00fb apprendre \u00e0 croire en lui-m\u00eame : \u00ab Il nous saoule quand il se met d&#8217;embl\u00e9e en dessous des autres \u00bb<\/a>&nbsp;&nbsp;L&rsquo;\u00c9quipe<\/li>\n<li><a href=\"https:\/\/news.google.com\/rss\/articles\/CBMisAFBVV95cUxNVVphUGs5b18zcGh2VGt6VFcyRlA5VjJfRWJidmFaNGUwVnpacG45WG9jS0xlSENwWTM0clVPVXpuZGJPNXlVWjN4eDh0dUdJZjN4SWRReEFsLUs5a0V0WUxRTkcxTWw5cHJPb2lwZXBwZEhaOVVyWkZfMHZDNndiU3BCWUxWWWVIV2xxeGRnclpGWXpUM2d6TmtGSFpIejQ2U1RzV0sxSzlMQ1VtN05mctIBrwFBVV95cUxNVlBkMUVqQnlZN09BRWYtVU5lblk2R19SVGJZaGhCc3BoVVQ0Vzg0bFVhZ0JSbFQwb1oyOVRsamZKTmNldkdnX2R3WUU4OGlDVnpfb2N3NUJoem9OMGNoeFZFREhxejN1dXpva1RTTXlYdHV5Sjdwa0FUNFJxM2dVUTNXd0loSDlVbTMwNEhhOTlBT3RwQ3pkU1IyQkJLby1ERWxxdWxFdUNUWjdKS29R?oc=5\" target=\"_blank\" rel=\"nofollow noopener\">Coupe Davis : Rinderknech motiv\u00e9 pour mener les Bleus : Sports &#8211; Orange<\/a>&nbsp;&nbsp;Sports &#8211; Orange<\/li>\n<li><a href=\"https:\/\/news.google.com\/rss\/articles\/CBMiogJBVV95cUxPWG9qc2NjMjcySFJoc0JDaXhQTlhRME1LSWFMTUh0QV8yeVMwZ0VYUzFRajdFVXdubDhPYy1KVU1VbG51SWwxWHZjdjhqWVJTOXRBbndjWndUa0NPRU9qVXg1RnZzcHBUZDhEd2hjMmNKVTA2cUxKWHd5dERRYU9GSXBnbzNaSjFqM0Z4SGJSSHc2YkdFLUp4b0czQkRkQkpRTHlta29tSnZqei1IbW1fa05hTUhXS2o0dkNMMUYzX3RJM3RQSWVNemE2YmZlZ1dzT1FUaDFfNXVXRWkxbHRqS3hOWFhkWnE2RWxhTUtLemxQQ1NrQ2k0S1lGdnF0bEd3d1RYVkRTVGFiUVZsREFOVjZZWWY0eEdMQXBCRlRPT0VXdw?oc=5\" target=\"_blank\" rel=\"nofollow noopener\">Mathieu : \u00ab\u00a0Contre la Belgique, on s&rsquo;attend vraiment \u00e0 une rencontre difficile\u00a0\u00bb<\/a>&nbsp;&nbsp;Eurosport<\/li>\n<li><a href=\"https:\/\/news.google.com\/rss\/articles\/CBMioAFBVV95cUxNQXo3YjFlWXpBWU9XcHBINzlEeG9rSFp6ZTFzWkdOcGdYOU12YlViOTI1N1JjOExSd21TaXdNS1RrRU5FLS1fRmk0M0ZvazJiTEZGR0RvRmdtSThFcnNwU2hmQWJURlBjSnJqcUR6Rm5rWWNtRUREWWYtN2tGRXJPVG5rX19ubEM5U1pKZW1iNUJLX0ZpVm5Ud2piWndlYllS?oc=5\" target=\"_blank\" rel=\"nofollow noopener\">Un Jour avec les Bleus #4 | Phase finale | Coupe Davis 2025<\/a>&nbsp;&nbsp;F\u00e9d\u00e9ration Fran\u00e7aise de Tennis<\/li>\n<\/ol>\n","protected":false},"excerpt":{"rendered":"Paul-Henri Mathieu avant la phase finale de Coupe Davis \u00e0 Bologne : \u00ab Aller au bout de cette&hellip;\n","protected":false},"author":2,"featured_media":540835,"comment_status":"","ping_status":"","sticky":false,"template":"","format":"standard","meta":{"footnotes":""},"categories":[1415],"tags":[1011,27,60,1467],"class_list":{"0":"post-540834","1":"post","2":"type-post","3":"status-publish","4":"format-standard","5":"has-post-thumbnail","7":"category-tennis","8":"tag-fr","9":"tag-france","10":"tag-sports","11":"tag-tennis"},"share_on_mastodon":{"url":"https:\/\/pubeurope.com\/@fr\/115566532549495358","error":""},"_links":{"self":[{"href":"https:\/\/www.europesays.com\/fr\/wp-json\/wp\/v2\/posts\/540834","targetHints":{"allow":["GET"]}}],"collection":[{"href":"https:\/\/www.europesays.com\/fr\/wp-json\/wp\/v2\/posts"}],"about":[{"href":"https:\/\/www.europesays.com\/fr\/wp-json\/wp\/v2\/types\/post"}],"author":[{"embeddable":true,"href":"https:\/\/www.europesays.com\/fr\/wp-json\/wp\/v2\/users\/2"}],"replies":[{"embeddable":true,"href":"https:\/\/www.europesays.com\/fr\/wp-json\/wp\/v2\/comments?post=540834"}],"version-history":[{"count":0,"href":"https:\/\/www.europesays.com\/fr\/wp-json\/wp\/v2\/posts\/540834\/revisions"}],"wp:featuredmedia":[{"embeddable":true,"href":"https:\/\/www.europesays.com\/fr\/wp-json\/wp\/v2\/media\/540835"}],"wp:attachment":[{"href":"https:\/\/www.europesays.com\/fr\/wp-json\/wp\/v2\/media?parent=540834"}],"wp:term":[{"taxonomy":"category","embeddable":true,"href":"https:\/\/www.europesays.com\/fr\/wp-json\/wp\/v2\/categories?post=540834"},{"taxonomy":"post_tag","embeddable":true,"href":"https:\/\/www.europesays.com\/fr\/wp-json\/wp\/v2\/tags?post=540834"}],"curies":[{"name":"wp","href":"https:\/\/api.w.org\/{rel}","templated":true}]}}