{"id":540838,"date":"2025-11-17T18:52:13","date_gmt":"2025-11-17T18:52:13","guid":{"rendered":"https:\/\/www.europesays.com\/fr\/540838\/"},"modified":"2025-11-17T18:52:13","modified_gmt":"2025-11-17T18:52:13","slug":"paul-pogba-monaco-lache-laffaire","status":"publish","type":"post","link":"https:\/\/www.europesays.com\/fr\/540838\/","title":{"rendered":"Paul Pogba : Monaco l\u00e2che l&rsquo;affaire"},"content":{"rendered":"<p><b>Victime de p\u00e9pins physiques pendant sa pr\u00e9paration, Paul Pogba ne cesse de repousser ses d\u00e9buts \u00e0 l\u2019AS Monaco. L\u2019entra\u00eeneur S\u00e9bastien Pocognoli a donc d\u00e9cid\u00e9 de changer sa communication sur son milieu de terrain.<\/b><\/p>\n<p>Plus le temps passe et plus Paul Pogba suscite des interrogations. Apr\u00e8s deux ans sans comp\u00e9tition, le milieu de <a href=\"https:\/\/www.foot01.com\/equipe\/monaco\/\" target=\"_blank\" rel=\"nofollow noopener\">l\u2019AS Monaco<\/a> a \u00e9videmment besoin de temps pour parfaire sa condition physique. Mais le club de la Principaut\u00e9 ne s\u2019attendait pas \u00e0 une convalescence aussi longue. A chaque date de retour annonc\u00e9e, un nouveau p\u00e9pin physique appara\u00eet \u00e0 l\u2019image de sa blessure \u00e0 la cheville fin octobre alors que S\u00e9bastien Pocognoli avait publiquement \u00e9voqu\u00e9 ses d\u00e9buts.<\/p>\n<p>Dans l\u2019embarras, l\u2019entra\u00eeneur mon\u00e9gasque a donc d\u00e9cid\u00e9 de se montrer prudent sur le cas Paul Pogba. \u00ab Par rapport \u00e0 ce que j&rsquo;essaie de mettre en place au plan collectif, devoir trop souvent r\u00e9pondre \u00e0 trop de questions sur un seul individu sort un peu de mes principes, a confi\u00e9 le Belge \u00e0 l\u2019AFP. Mais Paul a une renomm\u00e9e et un statut diff\u00e9rents. On doit en parler et il n&rsquo;y a pas de souci. Ma communication restera terre-\u00e0-terre comme notre analyse interne. J&rsquo;ai dit qu&rsquo;on jugerait sur ce qu&rsquo;il va proposer maintenant. C&rsquo;est aussi par bienveillance. \u00bb<\/p>\n<p>\u00ab Est-ce qu&rsquo;il touche enfin au but ? J&rsquo;esp\u00e8re. Mais la derni\u00e8re fois que je l&rsquo;ai dit&#8230; Donc j&rsquo;essaie de ne plus trop m&rsquo;avancer, a pr\u00e9venu le successeur d\u2019Adi H\u00fctter. Cela arrivera au moment o\u00f9 \u00e7a doit arriver. Tout ce que je peux dire, c&rsquo;est que, quand il est sur le terrain, je vois quelqu&rsquo;un d&rsquo;heureux et focalis\u00e9 sur le fait revenir au plus haut niveau. Il n&rsquo;y a aucun doute. Mon r\u00f4le maintenant, c&rsquo;est de l&rsquo;aider avec le staff. Et si on arrive, ne serait-ce qu&rsquo;\u00e0 lui donner le sourire \u00e0 l&rsquo;occasion de matchs professionnels, ce sera quelque chose de fantastique. \u00bb<\/p>\n<\/p>\n<p>\u00ab Est-ce que \u00e7a sera facile ? Je ne peux pas le dire. Mais on y travaille et Paul a une grosse force de caract\u00e8re. Et je pense que la t\u00eate contr\u00f4le beaucoup de choses. Lors d&rsquo;une de mes premi\u00e8res r\u00e9unions internes, j&rsquo;ai parl\u00e9 d&rsquo;h\u00e9ritage pour le club. Je pense que les leaders, comme Paul, doivent transmettre \u00e0 la future g\u00e9n\u00e9ration, aux supporters, \u00e0 toutes les composantes du club. Ces joueurs d&rsquo;exp\u00e9rience doivent accompagner les jeunes. Je dois faire en sorte qu&rsquo;il y parvienne. Plus on a de leaders, plus la pression est divis\u00e9e. Si Paul est bien utilis\u00e9, le groupe peut tirer profit de son aura \u00bb, a conclu S\u00e9bastien Pocognoli, impatient d\u2019int\u00e9grer l\u2019international tricolore.<\/p>\n","protected":false},"excerpt":{"rendered":"Victime de p\u00e9pins physiques pendant sa pr\u00e9paration, Paul Pogba ne cesse de repousser ses d\u00e9buts \u00e0 l\u2019AS Monaco.&hellip;\n","protected":false},"author":2,"featured_media":540839,"comment_status":"","ping_status":"","sticky":false,"template":"","format":"standard","meta":{"footnotes":""},"categories":[1410],"tags":[63,1011,27,3127,60],"class_list":{"0":"post-540838","1":"post","2":"type-post","3":"status-publish","4":"format-standard","5":"has-post-thumbnail","7":"category-football","8":"tag-football","9":"tag-fr","10":"tag-france","11":"tag-monaco","12":"tag-sports"},"share_on_mastodon":{"url":"https:\/\/pubeurope.com\/@fr\/115566552668972682","error":""},"_links":{"self":[{"href":"https:\/\/www.europesays.com\/fr\/wp-json\/wp\/v2\/posts\/540838","targetHints":{"allow":["GET"]}}],"collection":[{"href":"https:\/\/www.europesays.com\/fr\/wp-json\/wp\/v2\/posts"}],"about":[{"href":"https:\/\/www.europesays.com\/fr\/wp-json\/wp\/v2\/types\/post"}],"author":[{"embeddable":true,"href":"https:\/\/www.europesays.com\/fr\/wp-json\/wp\/v2\/users\/2"}],"replies":[{"embeddable":true,"href":"https:\/\/www.europesays.com\/fr\/wp-json\/wp\/v2\/comments?post=540838"}],"version-history":[{"count":0,"href":"https:\/\/www.europesays.com\/fr\/wp-json\/wp\/v2\/posts\/540838\/revisions"}],"wp:featuredmedia":[{"embeddable":true,"href":"https:\/\/www.europesays.com\/fr\/wp-json\/wp\/v2\/media\/540839"}],"wp:attachment":[{"href":"https:\/\/www.europesays.com\/fr\/wp-json\/wp\/v2\/media?parent=540838"}],"wp:term":[{"taxonomy":"category","embeddable":true,"href":"https:\/\/www.europesays.com\/fr\/wp-json\/wp\/v2\/categories?post=540838"},{"taxonomy":"post_tag","embeddable":true,"href":"https:\/\/www.europesays.com\/fr\/wp-json\/wp\/v2\/tags?post=540838"}],"curies":[{"name":"wp","href":"https:\/\/api.w.org\/{rel}","templated":true}]}}