{"id":540858,"date":"2025-11-17T19:03:20","date_gmt":"2025-11-17T19:03:20","guid":{"rendered":"https:\/\/www.europesays.com\/fr\/540858\/"},"modified":"2025-11-17T19:03:20","modified_gmt":"2025-11-17T19:03:20","slug":"un-choose-france-met-a-lhonneur-les-entreprises-tricolores-qui-investissent-en-france-actualites","status":"publish","type":"post","link":"https:\/\/www.europesays.com\/fr\/540858\/","title":{"rendered":"Un Choose France met \u00e0 l&rsquo;honneur les entreprises tricolores qui investissent en France : Actualit\u00e9s"},"content":{"rendered":"<p class=\"lead \">Le sommet Choose France, grand-messe annuelle habituellement destin\u00e9e aux investisseurs \u00e9trangers, a mis \u00e0 l&rsquo;honneur lundi, pour sa premi\u00e8re \u00ab\u00a0\u00e9dition France\u00a0\u00bb, les entreprises tricolores qui choisissent d&rsquo;investir dans le pays, \u00e0 hauteur de 30,4 milliards d&rsquo;euros cette ann\u00e9e.<\/p>\n<p class=\"lead \">Choose France valorise chaque ann\u00e9e les investissements en France d&rsquo;entreprises \u00e9trang\u00e8res, et la France est cette ann\u00e9e pour la sixi\u00e8me fois cons\u00e9cutive pays le plus attractif d&rsquo;Europe, selon le cabinet EY.<\/p>\n<p class=\"lead \">Mais cette fois il s&rsquo;agit de saluer, \u00e0 la maison de la Chimie \u00e0 Paris et non sous les ors du ch\u00e2teau de Versailles, les 151 investissements annonc\u00e9s cette ann\u00e9e par des entreprises fran\u00e7aises, pour un total de 30,4 milliards d&rsquo;euros dont 9,2 milliards d&rsquo;euros annonc\u00e9s lors de l&rsquo;\u00e9v\u00e8nement lundi.<\/p>\n<p class=\"lead \">Ces derniers concernent surtout des centres de donn\u00e9es: champion de la journ\u00e9e, OpCore (groupe Iliad, maison m\u00e8re de l&rsquo;op\u00e9rateur Free) va investir 4 milliards d&rsquo;euros dans un nouveau \u00ab\u00a0data center\u00a0\u00bb (centre de donn\u00e9es) en Seine-et-Marne.<\/p>\n<p class=\"lead \"> Eclairion investira 2,5 milliards d&rsquo;euros en Moselle, Sesterce 1,5 milliard en Auvergne-Rh\u00f4ne Alpes et Th\u00e9s\u00e9e 60 millions d&rsquo;euros dans les Yvelines, toujours pour des centres de donn\u00e9es.<\/p>\n<p class=\"lead \">\u00ab\u00a0Dans le monde actuel, chaque entreprise regarde partout pour ses investissements, en UE ou ailleurs\u00a0\u00bb, remarque-t-on \u00e0 Bercy, et \u00ab\u00a0c&rsquo;est bien de pouvoir f\u00e9liciter celles qui continuent \u00e0 investir en France\u00a0\u00bb.<\/p>\n<p class=\"lead \">\u00ab\u00a0On a souhait\u00e9 cette journ\u00e9e pour vous dire +bravo et merci+\u00a0\u00bb, a d&rsquo;ailleurs lanc\u00e9 le ministre de l&rsquo;Economie Roland Lescure aux 200 acteurs \u00e9conomiques (chefs d&rsquo;entreprises, f\u00e9d\u00e9rations professionnelles, organisations syndicales et patronales&#8230;) \u00e0 l&rsquo;ouverture de la r\u00e9union.<\/p>\n<p class=\"lead \">&#8211; \u00ab\u00a0M\u00e9lasse\u00a0\u00bb &#8211;<\/p>\n<p class=\"lead \">Le Premier ministre S\u00e9bastien Lecornu assistait en personne dans l&rsquo;apr\u00e8s-midi \u00e0 une des tables rondes \u00e0 huis clos, celle sur le budget.<\/p>\n<p class=\"lead \">Il y a en effet urgence \u00e0 rassurer des patrons choqu\u00e9s, ces derni\u00e8res semaines, par l&rsquo;avalanche de taxes sur les entreprises vot\u00e9es par les d\u00e9put\u00e9s dans le cadre du budget: 53 milliards d&rsquo;euros selon les calculs du Medef, qui, avec 12 autres organisations d&rsquo;entrepreneurs a \u00e9crit la semaine derni\u00e8re \u00e0 M. Lecornu pour s&rsquo;en plaindre.<\/p>\n<p class=\"lead \"> \u00ab\u00a0Il est hors de question que la stabilit\u00e9 politique se fasse sur le dos des entreprises\u00a0\u00bb, leur a promis Roland Lescure. Car la bataille budg\u00e9taire n&rsquo;est pas finie et le S\u00e9nat pourrait bien d\u00e9tricoter une grande partie de ces taxes.<\/p>\n<p class=\"lead \">Alexandre Huard, directeur g\u00e9n\u00e9ral de Verso Energy (carburants synth\u00e9tiques) est optimiste: \u00ab\u00a0les taxes \u00e7a va \u00e7a vient, et cela ne nous dissuadera pas d&rsquo;investir pour cr\u00e9er les usines et les emplois de demain\u00a0\u00bb, explique-t-il \u00e0 l&rsquo;AFP.<\/p>\n<p class=\"lead \">D&rsquo;autant que la France \u00ab\u00a0est une terre b\u00e9nie\u00a0\u00bb pour sa future usine de Rouen, gr\u00e2ce \u00e0 son \u00e9lectricit\u00e9 bas carbone, qui attire aussi les centres de donn\u00e9es.<\/p>\n<p class=\"lead \">L&rsquo;investissement des entreprises est pourtant au plus bas depuis la crise sanitaire, selon le barom\u00e8tre Bpifrance Le Lab publi\u00e9 mercredi: les chefs d&rsquo;entreprise sont 39% \u00e0 souhaiter investir cette ann\u00e9e, contre 45% en septembre, tandis qu&rsquo;au premier semestre, selon la Direction g\u00e9n\u00e9rale des Entreprises, le solde entre ouvertures ou extensions d&rsquo;usines et fermetures est \u00e0 peine positif (+9).<\/p>\n<p class=\"lead \">Alors que ce Choose France s\u2019ach\u00e8vera par un d\u00eener \u00e0 l&rsquo;Elys\u00e9e, en pr\u00e9sence notamment du prix Nobel d&rsquo;\u00e9conomie Philippe Aghion, ou des \u00e9quipes d&rsquo;ouvrages des JO ou de restauration de Notre-Dame-de-Paris, symboles des succ\u00e8s fran\u00e7ais, l&rsquo;\u00e9conomiste Sylvain Bersinger, du site Bersing\u00e9co, est plus amer: \u00ab\u00a0Macron pourra en offrir, des petits fours aux chefs d&rsquo;entreprise, pour faire oublier sa dissolution et la m\u00e9lasse dans laquelle le pays patauge depuis\u00a0\u00bb.<\/p>\n<p class=\"lead \">&#8211; \u00ab\u00a0Un avant et un apr\u00e8s\u00a0\u00bb &#8211;<\/p>\n<p class=\"lead \">D&rsquo;autant, souligne-t-il, qu&rsquo;il n&rsquo;est pas acquis que \u00ab\u00a0les annonces soient suivies d&rsquo;effets\u00a0\u00bb, comme on a pu le voir dans le pass\u00e9.<\/p>\n<p class=\"lead \">Pourtant, a soulign\u00e9 Roland Lescure, les chiffres macro\u00e9conomiques sont encourageants, avec une croissance inattendue de 0,5% au troisi\u00e8me trimestre. La croissance annuelle devrait ainsi d\u00e9passer les 0,7% attendus cette ann\u00e9e.<\/p>\n<p class=\"lead \">Le ministre a soulign\u00e9 la rudesse actuelle de l&rsquo;\u00e9conomie mondiale, avec les attitudes commerciales sans concession des Etats-Unis et de la Chine. <\/p>\n<p class=\"lead \">Il a cependant pr\u00e9dit \u00ab\u00a0un avant et un apr\u00e8s\u00a0\u00bb l&rsquo;affaire de la vente de poup\u00e9es sexuelles repr\u00e9sentant des enfants sur la plateforme asiatique Shein, notant \u00ab\u00a0un v\u00e9ritable changement\u00a0\u00bb et une volont\u00e9 accrue de r\u00e9agir de ses coll\u00e8gues europ\u00e9ens.<\/p>\n<p class=\"lead \">Les projets annonc\u00e9s lundi concernent toutes les tailles d&rsquo;entreprises, du grand groupe \u00e0 la start-up.<\/p>\n<p class=\"lead \">Les principaux secteurs repr\u00e9sent\u00e9s sont l&rsquo;\u00e9nergie et l&rsquo;environnement, le num\u00e9rique, la sant\u00e9 et la chimie et les mat\u00e9riaux, et ils sont r\u00e9partis sur l&rsquo;ensemble du territoire.<\/p>\n<p class=\"lead \">Outre les projets de data centers, les principaux nouveaux investissements annonc\u00e9s lundi \u00e9manent de Sanofi (pharmacie, un milliard d&rsquo;euros), Holosolis (photovolta\u00efque, 800 millions) NGE (construction, 400 millions, Elyse Energy (biocarburant, 213 millions), OVH (cloud, 160 millions) et Derichebourg (recyclage, 130 millions).<\/p>\n","protected":false},"excerpt":{"rendered":"Le sommet Choose France, grand-messe annuelle habituellement destin\u00e9e aux investisseurs \u00e9trangers, a mis \u00e0 l&rsquo;honneur lundi, pour sa&hellip;\n","protected":false},"author":2,"featured_media":540859,"comment_status":"","ping_status":"","sticky":false,"template":"","format":"standard","meta":{"footnotes":""},"categories":[6],"tags":[13790,646,35,38324,33,34,313,1011,27,418,21815,693,2554],"class_list":{"0":"post-540858","1":"post","2":"type-post","3":"status-publish","4":"format-standard","5":"has-post-thumbnail","7":"category-economie","8":"tag-conomie","9":"tag-automobile","10":"tag-business","11":"tag-cosmtiques","12":"tag-economie","13":"tag-economy","14":"tag-entreprises","15":"tag-fr","16":"tag-france","17":"tag-gouvernement","18":"tag-hygine","19":"tag-industrie","20":"tag-investissements"},"share_on_mastodon":{"url":"https:\/\/pubeurope.com\/@fr\/115566595632130334","error":""},"_links":{"self":[{"href":"https:\/\/www.europesays.com\/fr\/wp-json\/wp\/v2\/posts\/540858","targetHints":{"allow":["GET"]}}],"collection":[{"href":"https:\/\/www.europesays.com\/fr\/wp-json\/wp\/v2\/posts"}],"about":[{"href":"https:\/\/www.europesays.com\/fr\/wp-json\/wp\/v2\/types\/post"}],"author":[{"embeddable":true,"href":"https:\/\/www.europesays.com\/fr\/wp-json\/wp\/v2\/users\/2"}],"replies":[{"embeddable":true,"href":"https:\/\/www.europesays.com\/fr\/wp-json\/wp\/v2\/comments?post=540858"}],"version-history":[{"count":0,"href":"https:\/\/www.europesays.com\/fr\/wp-json\/wp\/v2\/posts\/540858\/revisions"}],"wp:featuredmedia":[{"embeddable":true,"href":"https:\/\/www.europesays.com\/fr\/wp-json\/wp\/v2\/media\/540859"}],"wp:attachment":[{"href":"https:\/\/www.europesays.com\/fr\/wp-json\/wp\/v2\/media?parent=540858"}],"wp:term":[{"taxonomy":"category","embeddable":true,"href":"https:\/\/www.europesays.com\/fr\/wp-json\/wp\/v2\/categories?post=540858"},{"taxonomy":"post_tag","embeddable":true,"href":"https:\/\/www.europesays.com\/fr\/wp-json\/wp\/v2\/tags?post=540858"}],"curies":[{"name":"wp","href":"https:\/\/api.w.org\/{rel}","templated":true}]}}