{"id":540860,"date":"2025-11-17T19:04:31","date_gmt":"2025-11-17T19:04:31","guid":{"rendered":"https:\/\/www.europesays.com\/fr\/540860\/"},"modified":"2025-11-17T19:04:31","modified_gmt":"2025-11-17T19:04:31","slug":"pretoria-denonce-une-volonte-manifeste-de-les-expulser-de-gaza-liberation","status":"publish","type":"post","link":"https:\/\/www.europesays.com\/fr\/540860\/","title":{"rendered":"Pretoria d\u00e9nonce une \u00abvolont\u00e9 manifeste de les expulser\u00bb de Gaza \u2013 Lib\u00e9ration"},"content":{"rendered":"<p class=\"sc-cPiKLX AiZTS text-element\">Leur arriv\u00e9e jeudi 13 novembre au matin sur le tarmac de l\u2019a\u00e9roport de Johannesburg avait \u00e9t\u00e9 qualifi\u00e9e de \u00abmyst\u00e9rieuse\u00bb par le pr\u00e9sident sud-africain Cyril Ramaphosa. Dans la foul\u00e9e, le chef de l\u2019Etat, <a href=\"https:\/\/www.liberation.fr\/international\/moyen-orient\/lafrique-du-sud-et-la-cause-palestinienne-anatomie-dune-lutte-20251009_EYBDT7UDMBE3XAFTBZMQJZE67Q\/\" target=\"_blank\" rel=\"noopener\" title=\"https:\/\/www.liberation.fr\/international\/moyen-orient\/lafrique-du-sud-et-la-cause-palestinienne-anatomie-dune-lutte-20251009_EYBDT7UDMBE3XAFTBZMQJZE67Q\/\">d\u00e9fenseur de la cause <\/a><a href=\"https:\/\/www.liberation.fr\/international\/moyen-orient\/lafrique-du-sud-et-la-cause-palestinienne-anatomie-dune-lutte-20251009_EYBDT7UDMBE3XAFTBZMQJZE67Q\/\" target=\"_blank\" rel=\"noreferrer noopener\" title=\"https:\/\/www.liberation.fr\/international\/moyen-orient\/lafrique-du-sud-et-la-cause-palestinienne-anatomie-dune-lutte-20251009_EYBDT7UDMBE3XAFTBZMQJZE67Q\/\">palestinienne<\/a>, avait annonc\u00e9 vouloir \u00e9lucider les circonstances entourant le d\u00e9barquement de ces 153 Gazaouis &#8211; hommes, femmes et enfants &#8211; dans le pays, qui \u00abont \u00e9t\u00e9 mis dans un avion qui a transit\u00e9 par Nairobi\u00bb, au Kenya, puis ont d\u00e9barqu\u00e9 \u00abici\u00bb, dans la capitale de l\u2019Afrique du Sud.<\/p>\n<p class=\"sc-cPiKLX AiZTS text-element\">Ces plus de 150 passagers avaient, \u00e0 leur arriv\u00e9e dans le pays, \u00e9t\u00e9 bloqu\u00e9s par la police aux fronti\u00e8res dans leur appareil pendant plus de 12 heures, au motif qu\u2019ils n\u2019avaient pas de tampon de sortie d\u2019Isra\u00ebl sur leurs passeports. Le minist\u00e8re de l\u2019Int\u00e9rieur sud-africain avait finalement autoris\u00e9 dans la soir\u00e9e l\u2019entr\u00e9e des passagers sur le sol sud-africain, apr\u00e8s avoir re\u00e7u l\u2019engagement de l\u2019ONG sud-africaine Gift of the Givers qu\u2019ils seraient pris en charge et h\u00e9berg\u00e9s.<\/p>\n<p class=\"sc-cPiKLX AiZTS text-element\">Ce lundi, le ministre sud-africain des Affaires \u00e9trang\u00e8res qualifie \u00e0 son tour cette arriv\u00e9e de \u00absuspecte\u00bb. Elle r\u00e9v\u00e8le selon lui \u00abune volont\u00e9 manifeste d\u2019expulser les Palestiniens de Gaza et de Cisjordanie\u00bb. Et Ronald Lamola de poursuivre : \u00abNous ne voulons plus d\u2019aucun vol \u00e0 destination de notre territoire, car il s\u2019agit d\u2019un plan manifeste visant \u00e0 chasser les Palestiniens de Gaza, de Cisjordanie et des zones environnantes, ce \u00e0 quoi l\u2019Afrique du Sud s\u2019oppose fermement.\u00bb<\/p>\n<p class=\"sc-cPiKLX AiZTS text-element\">Ce vol s\u2019inscrit selon le ministre sud-africain des Affaires \u00e9trang\u00e8res dans \u00abun plan plus vaste visant \u00e0 d\u00e9placer les Palestiniens de Palestine vers diff\u00e9rentes r\u00e9gions du monde, et il s\u2019agit manifestement d\u2019une op\u00e9ration orchestr\u00e9e\u00bb.<\/p>\n<p class=\"sc-cPiKLX AiZTS text-element\">Sur les 153 Palestiniens arriv\u00e9s jeudi, 130 sont finalement entr\u00e9s sur le territoire avec un visa provisoire de 90 jours et les 23 autres ont d\u00e9cid\u00e9 de prendre des vols de correspondance pour la destination de leur choix.<\/p>\n<p class=\"sc-cPiKLX AiZTS text-element\">Le fondateur de l\u2019ONG Gift of the Givers, Imtiaz Sooliman, a de son c\u00f4t\u00e9 expliqu\u00e9 jeudi ne pas savoir qui avait affr\u00e9t\u00e9 l\u2019appareil et r\u00e9v\u00e9l\u00e9 qu\u2019un premier avion transportant 176 Palestiniens avait \u00e9galement atterri \u00e0 Johannesburg le 28 octobre dans des circonstances similaires. Certains de ces passagers ont depuis quitt\u00e9 l\u2019Afrique du Sud pour un pays tiers.<\/p>\n<p class=\"sc-cPiKLX AiZTS text-element\">Selon l\u2019ambassade de Palestine en Afrique du Sud, le voyage des deux groupes a \u00e9t\u00e9 organis\u00e9 par une organisation \u00abnon enregistr\u00e9e\u00bb qui a \u00abexploit\u00e9 les conditions humanitaires tragiques de notre peuple \u00e0 Gaza, dup\u00e9 des familles, collect\u00e9 de l\u2019argent aupr\u00e8s d\u2019elles et facilit\u00e9 leur voyage de fa\u00e7on irr\u00e9guli\u00e8re et irresponsable\u00bb.<\/p>\n","protected":false},"excerpt":{"rendered":"Leur arriv\u00e9e jeudi 13 novembre au matin sur le tarmac de l\u2019a\u00e9roport de Johannesburg avait \u00e9t\u00e9 qualifi\u00e9e de&hellip;\n","protected":false},"author":2,"featured_media":540861,"comment_status":"","ping_status":"","sticky":false,"template":"","format":"standard","meta":{"footnotes":""},"categories":[5],"tags":[11,5594,1011,27,14,664,12,3518,28],"class_list":{"0":"post-540860","1":"post","2":"type-post","3":"status-publish","4":"format-standard","5":"has-post-thumbnail","7":"category-international","8":"tag-actualites","9":"tag-afrique-du-sud","10":"tag-fr","11":"tag-france","12":"tag-international","13":"tag-israel","14":"tag-news","15":"tag-palestine","16":"tag-world"},"share_on_mastodon":{"url":"https:\/\/pubeurope.com\/@fr\/115566599586106849","error":""},"_links":{"self":[{"href":"https:\/\/www.europesays.com\/fr\/wp-json\/wp\/v2\/posts\/540860","targetHints":{"allow":["GET"]}}],"collection":[{"href":"https:\/\/www.europesays.com\/fr\/wp-json\/wp\/v2\/posts"}],"about":[{"href":"https:\/\/www.europesays.com\/fr\/wp-json\/wp\/v2\/types\/post"}],"author":[{"embeddable":true,"href":"https:\/\/www.europesays.com\/fr\/wp-json\/wp\/v2\/users\/2"}],"replies":[{"embeddable":true,"href":"https:\/\/www.europesays.com\/fr\/wp-json\/wp\/v2\/comments?post=540860"}],"version-history":[{"count":0,"href":"https:\/\/www.europesays.com\/fr\/wp-json\/wp\/v2\/posts\/540860\/revisions"}],"wp:featuredmedia":[{"embeddable":true,"href":"https:\/\/www.europesays.com\/fr\/wp-json\/wp\/v2\/media\/540861"}],"wp:attachment":[{"href":"https:\/\/www.europesays.com\/fr\/wp-json\/wp\/v2\/media?parent=540860"}],"wp:term":[{"taxonomy":"category","embeddable":true,"href":"https:\/\/www.europesays.com\/fr\/wp-json\/wp\/v2\/categories?post=540860"},{"taxonomy":"post_tag","embeddable":true,"href":"https:\/\/www.europesays.com\/fr\/wp-json\/wp\/v2\/tags?post=540860"}],"curies":[{"name":"wp","href":"https:\/\/api.w.org\/{rel}","templated":true}]}}