{"id":540867,"date":"2025-11-17T19:08:19","date_gmt":"2025-11-17T19:08:19","guid":{"rendered":"https:\/\/www.europesays.com\/fr\/540867\/"},"modified":"2025-11-17T19:08:19","modified_gmt":"2025-11-17T19:08:19","slug":"et-si-vous-tentiez-votre-chance-dans-le-stand-up","status":"publish","type":"post","link":"https:\/\/www.europesays.com\/fr\/540867\/","title":{"rendered":"et si vous tentiez votre chance dans le stand-up\u00a0?"},"content":{"rendered":"<p>\u00ab\u00a0C\u2019est ouvert \u00e0 tout le monde. Nous, on se positionne en d\u00e9couvreurs de talents\u00a0\u00bb, affirme Ludovic Givron, producteur de la tourn\u00e9e Cin\u00e9 Comedy Club.<\/p>\n<p>Il assure que chacun d\u2019entre vous aura une chance de figurer parmi les six artistes invit\u00e9s au tremplin d\u2019humour du 23\u00a0janvier au Megarama Jean-Jaur\u00e8s de Saint-\u00c9tienne\u00a0: \u00ab\u00a0M\u00eame quelqu\u2019un qui n\u2019a jamais fait de sc\u00e8ne ni \u00e9crit de sketch peut candidater. Aujourd\u2019hui, on est convaincus qu\u2019il y a des personnes qui ont du talent et qui, faute de conna\u00eetre des gens dans le m\u00e9tier, passent \u00e0 c\u00f4t\u00e9 de quelque chose et de se faire rep\u00e9rer.\u00a0\u00bb<\/p>\n<p>  Un spectacle en deuxi\u00e8me partie de soir\u00e9e<\/p>\n<p>Vous avez la vanne facile\u00a0? R\u00e9veillez le stand-upper ou la stand-uppeuse qui est en vous en envoyant une vid\u00e9o d\u2019un sketch de 5 minutes \u00e0 la production de Cin\u00e9 Comedy Club (1). La seule condition\u00a0: ne pas \u00eatre d\u00e9j\u00e0 engag\u00e9 dans une production.<\/p>\n<p>Une fois s\u00e9lectionn\u00e9s, les six humoristes du soir auront dix minutes <a href=\"https:\/\/www.leprogres.fr\/economie\/2025\/01\/10\/renovations-programmations-a-quoi-s-attendre-dans-les-cinemas-en-2025\" target=\"_blank\" rel=\"noopener\">sur la sc\u00e8ne de l\u2019\u00e9tablissement st\u00e9phanois<\/a> pour convaincre le jury, sans th\u00e9matique impos\u00e9e\u00a0: \u00ab\u00a0La ou le vainqueur pourra participer \u00e0 l\u2019un des quarts de finale organis\u00e9 dans plusieurs cin\u00e9mas d\u2019\u00cele-de-France (du 19 au 22\u00a0mai)\u00a0\u00bb, d\u00e9taille le producteur des spectacles de <a href=\"https:\/\/www.leprogres.fr\/culture-loisirs\/2024\/09\/28\/l-humoriste-smain-pour-l-ouverture-d-un-petit-cafe-theatre-du-beaujolais\" target=\"_blank\" rel=\"noopener\">Sma\u00efn<\/a> et de G\u00e9rald Dahan (2).<\/p>\n<p>La soir\u00e9e au Megarama Jean-Jaur\u00e8s sera rythm\u00e9e par l\u2019artiste Elena Brocolitch\u00a0: \u00ab\u00a0D\u00e9j\u00e0 bien install\u00e9e dans le milieu des caf\u00e9s-th\u00e9\u00e2tres et des th\u00e9\u00e2tres parisiens, elle sera notre Madame Loyale. En seconde partie de soir\u00e9e, elle jouera son spectacle Rire sur ordonnance \u00a0\u00bb (3).<\/p>\n<p>  Un contrat de production \u00e0 la cl\u00e9<\/p>\n<p>Les demi-finales auront lieu \u00e0 Paris les 27 et 28\u00a0mai et la finale nationale le 29\u00a0mai au Path\u00e9 Al\u00e9sia, l\u2019un des plus anciens cin\u00e9mas de France encore en activit\u00e9. L\u2019humoriste qui remportera la premi\u00e8re saison de Cin\u00e9 Comedy Club se verra proposer un contrat de production selon Ludovic Givron\u00a0: \u00ab\u00a0La saison prochaine, il partira en tourn\u00e9e, animera le tremplin et proposera un spectacle complet d\u2019une heure. L\u2019id\u00e9e sera de l\u2019accompagner et de le mettre en lien avec des auteurs s\u2019il en a besoin. Notre but est de pouvoir professionnaliser l\u2019artiste.\u00a0\u00bb<\/p>\n<p>Alors si vous voulez que vos meilleurs mots deviennent des appareils de musculation pour zygomatiques \u00e0 plus grande \u00e9chelle, vous savez ce qu\u2019il vous reste \u00e0 faire.<\/p>\n<p class=\"note\">(1) Vous pouvez envoyer votre vid\u00e9o de candidature \u00e0 cinecomedyclubofficiel@gmail.com ou via le site www.cinecomedyclub.com jusqu\u2019au 31\u00a0d\u00e9cembre.<\/p>\n<p class=\"note\">(2) Les soir\u00e9es tremplin qualificatives pour les quarts-de-finale sont organis\u00e9es dans une trentaine de cin\u00e9mas de France (la tourn\u00e9e part de Brest le 13\u00a0janvier et s\u2019ach\u00e8ve \u00e0 Mulhouse le 16\u00a0avril).<\/p>\n<p class=\"note\">(3) Cin\u00e9 Comedy Club vendredi 23\u00a0janvier (20\u00a0h\u00a030), au Megarama Jean-Jaur\u00e8s \u00e0 Saint-\u00c9tienne. Tarif public\u00a0: 15\u00a0euros (sur le r\u00e9seau ticketnet).<\/p>\n","protected":false},"excerpt":{"rendered":"\u00ab\u00a0C\u2019est ouvert \u00e0 tout le monde. Nous, on se positionne en d\u00e9couvreurs de talents\u00a0\u00bb, affirme Ludovic Givron, producteur&hellip;\n","protected":false},"author":2,"featured_media":540868,"comment_status":"","ping_status":"","sticky":false,"template":"","format":"standard","meta":{"footnotes":""},"categories":[9653],"tags":[1111,11,2430,650,1687,7539,1777,674,1011,27,3367,12,25,4001,7538,3140],"class_list":{"0":"post-540867","1":"post","2":"type-post","3":"status-publish","4":"format-standard","5":"has-post-thumbnail","7":"category-saint-etienne","8":"tag-actu","9":"tag-actualites","10":"tag-auvergne-rhone-alpes","11":"tag-cinema","12":"tag-culture-loisirs","13":"tag-edition-loire-sud","14":"tag-eu","15":"tag-europe","16":"tag-fr","17":"tag-france","18":"tag-loire","19":"tag-news","20":"tag-republique-francaise","21":"tag-saint-etienne","22":"tag-saint-etienne-ville","23":"tag-spectacle"},"share_on_mastodon":{"url":"https:\/\/pubeurope.com\/@fr\/115566615292855271","error":""},"_links":{"self":[{"href":"https:\/\/www.europesays.com\/fr\/wp-json\/wp\/v2\/posts\/540867","targetHints":{"allow":["GET"]}}],"collection":[{"href":"https:\/\/www.europesays.com\/fr\/wp-json\/wp\/v2\/posts"}],"about":[{"href":"https:\/\/www.europesays.com\/fr\/wp-json\/wp\/v2\/types\/post"}],"author":[{"embeddable":true,"href":"https:\/\/www.europesays.com\/fr\/wp-json\/wp\/v2\/users\/2"}],"replies":[{"embeddable":true,"href":"https:\/\/www.europesays.com\/fr\/wp-json\/wp\/v2\/comments?post=540867"}],"version-history":[{"count":0,"href":"https:\/\/www.europesays.com\/fr\/wp-json\/wp\/v2\/posts\/540867\/revisions"}],"wp:featuredmedia":[{"embeddable":true,"href":"https:\/\/www.europesays.com\/fr\/wp-json\/wp\/v2\/media\/540868"}],"wp:attachment":[{"href":"https:\/\/www.europesays.com\/fr\/wp-json\/wp\/v2\/media?parent=540867"}],"wp:term":[{"taxonomy":"category","embeddable":true,"href":"https:\/\/www.europesays.com\/fr\/wp-json\/wp\/v2\/categories?post=540867"},{"taxonomy":"post_tag","embeddable":true,"href":"https:\/\/www.europesays.com\/fr\/wp-json\/wp\/v2\/tags?post=540867"}],"curies":[{"name":"wp","href":"https:\/\/api.w.org\/{rel}","templated":true}]}}