{"id":540871,"date":"2025-11-17T19:10:17","date_gmt":"2025-11-17T19:10:17","guid":{"rendered":"https:\/\/www.europesays.com\/fr\/540871\/"},"modified":"2025-11-17T19:10:17","modified_gmt":"2025-11-17T19:10:17","slug":"football-il-y-a-plus-de-40-ans-las-nancy-lorraine-avait-deja-joue-a-sarreguemines-en-coupe-de-france","status":"publish","type":"post","link":"https:\/\/www.europesays.com\/fr\/540871\/","title":{"rendered":"Football. Il y a plus de 40 ans, l\u2019AS Nancy Lorraine avait d\u00e9j\u00e0 jou\u00e9 \u00e0 Sarreguemines en Coupe de France\u2026"},"content":{"rendered":"<p>Sarreguemines &#8211; Nancy au 8e  tour de la Coupe de France, voil\u00e0 une affiche qui rappellera des souvenirs aux plus fid\u00e8les supporters de l\u2019ASNL. Le club au chardon a d\u00e9j\u00e0 jou\u00e9 chez les Sarregueminois en Coupe. C\u2019\u00e9tait il y a plus de quarante ans, lors des 16es de finale de la saison 1983-1984.<\/p>\n<p>\u00c0 l\u2019\u00e9poque, l\u2019ASNL \u00e9voluait en L1, Sarreguemines en D4, et les matches de Coupe de France se d\u00e9roulaient sous le format aller-retour. Le 19\u00a0f\u00e9vrier 1984, \u00e0 l\u2019aller, l\u2019\u00e9quipe nanc\u00e9ienne emmen\u00e9e par un certain Ruben Umpierrez s\u2019\u00e9tait impos\u00e9e 2-0 au stade de la Blies, avant de r\u00e9aliser un festival offensif \u00e0 Picot au retour (9-1). Voil\u00e0 pour l\u2019anecdote.<\/p>\n<p>Reste, maintenant, \u00e0 conna\u00eetre pr\u00e9cis\u00e9ment la programmation du 8e  tour \u00e0 venir entre les Mosellans, d\u00e9sormais pensionnaires de R1, et Nancy (L2). Malgr\u00e9 la notion de derby et la rivalit\u00e9 r\u00e9gionale qui risquent d\u2019exciter certains fans du FC Metz et de l\u2019ASNL, ce 8e  tour Sarreguemines &#8211; Nancy devrait pouvoir se d\u00e9rouler au stade la Blies d\u2019une capacit\u00e9 totale de 5.000 spectateurs. L\u2019id\u00e9e d\u2019une d\u00e9localisation \u00e0 Saint-Symphorien pour des raisons de s\u00e9curit\u00e9 para\u00eet totalement \u00e9cart\u00e9e.<\/p>\n<p>Pour le jour du match, ce sera le samedi 29\u00a0novembre ou le dimanche 30\u00a0novembre, en fonction, notamment, d\u2019une possible retransmission TV sur France 3 Lorraine, comme le 7e  tour <a href=\"https:\/\/www.estrepublicain.fr\/sport\/2025\/11\/16\/le-petit-poucet-tomblaine-face-a-l-ogre-de-l-as-nancy-lorraine-suivez-ce-derby-inedit-en-coupe-de-france-avec-nous\" target=\"_blank\" rel=\"noopener\">entre Nancy et Tomblaine<\/a>. Les Sarregueminois, <a href=\"https:\/\/www.estrepublicain.fr\/sport\/2025\/11\/15\/coupe-de-france-tombeur-de-furiani-le-sarreguemines-fc-ne-meurt-jamais\" target=\"_blank\" rel=\"noopener\">tombeurs de Furiani (N2) samedi<\/a> , ont d\u00e9j\u00e0 sorti trois clubs de L2 ces derni\u00e8res saisons en Coupe\u00a0: Dijon et Valenciennes en 2015-2016, puis Reims en 2016-2017. Les pros nanc\u00e9iens sont pr\u00e9venus. Ce 8e  tour en Moselle aura tout d\u2019un traquenard.<\/p>\n","protected":false},"excerpt":{"rendered":"Sarreguemines &#8211; Nancy au 8e tour de la Coupe de France, voil\u00e0 une affiche qui rappellera des souvenirs&hellip;\n","protected":false},"author":2,"featured_media":540872,"comment_status":"","ping_status":"","sticky":false,"template":"","format":"standard","meta":{"footnotes":""},"categories":[9635],"tags":[1111,11,3703,15922,1704,1777,674,107,1701,63,1011,27,775,1702,1703,12,25,517,1700],"class_list":{"0":"post-540871","1":"post","2":"type-post","3":"status-publish","4":"format-standard","5":"has-post-thumbnail","7":"category-nancy","8":"tag-actu","9":"tag-actualites","10":"tag-asnl","11":"tag-coupe-de-france-de-football","12":"tag-edition-nancy-et-agglomeration","13":"tag-eu","14":"tag-europe","15":"tag-fil-info","16":"tag-fil-info-sport","17":"tag-football","18":"tag-fr","19":"tag-france","20":"tag-grand-est","21":"tag-nancy","22":"tag-nancy-ville-54b","23":"tag-news","24":"tag-republique-francaise","25":"tag-sport","26":"tag-sport-lorrain"},"share_on_mastodon":{"url":"https:\/\/pubeurope.com\/@fr\/115566623136763020","error":""},"_links":{"self":[{"href":"https:\/\/www.europesays.com\/fr\/wp-json\/wp\/v2\/posts\/540871","targetHints":{"allow":["GET"]}}],"collection":[{"href":"https:\/\/www.europesays.com\/fr\/wp-json\/wp\/v2\/posts"}],"about":[{"href":"https:\/\/www.europesays.com\/fr\/wp-json\/wp\/v2\/types\/post"}],"author":[{"embeddable":true,"href":"https:\/\/www.europesays.com\/fr\/wp-json\/wp\/v2\/users\/2"}],"replies":[{"embeddable":true,"href":"https:\/\/www.europesays.com\/fr\/wp-json\/wp\/v2\/comments?post=540871"}],"version-history":[{"count":0,"href":"https:\/\/www.europesays.com\/fr\/wp-json\/wp\/v2\/posts\/540871\/revisions"}],"wp:featuredmedia":[{"embeddable":true,"href":"https:\/\/www.europesays.com\/fr\/wp-json\/wp\/v2\/media\/540872"}],"wp:attachment":[{"href":"https:\/\/www.europesays.com\/fr\/wp-json\/wp\/v2\/media?parent=540871"}],"wp:term":[{"taxonomy":"category","embeddable":true,"href":"https:\/\/www.europesays.com\/fr\/wp-json\/wp\/v2\/categories?post=540871"},{"taxonomy":"post_tag","embeddable":true,"href":"https:\/\/www.europesays.com\/fr\/wp-json\/wp\/v2\/tags?post=540871"}],"curies":[{"name":"wp","href":"https:\/\/api.w.org\/{rel}","templated":true}]}}