{"id":540880,"date":"2025-11-17T19:17:11","date_gmt":"2025-11-17T19:17:11","guid":{"rendered":"https:\/\/www.europesays.com\/fr\/540880\/"},"modified":"2025-11-17T19:17:11","modified_gmt":"2025-11-17T19:17:11","slug":"voici-tout-ce-quil-faut-savoir-2","status":"publish","type":"post","link":"https:\/\/www.europesays.com\/fr\/540880\/","title":{"rendered":"voici tout ce qu&rsquo;il faut savoir\u00a0!"},"content":{"rendered":"<p>                    Par<br \/>\n        <strong><br \/>\n            <a href=\"https:\/\/actu.fr\/auteur\/julien-bouteiller\" title=\"Consulter tous les articles de Julien Bouteiller\" target=\"_blank\" rel=\"noopener\">Julien Bouteiller<\/a><br \/>\n                    <\/strong><\/p>\n<p>        Publi\u00e9 le<\/p>\n<p>            17 nov. 2025 \u00e0 19h10        <\/p>\n<p><strong>Et de cinq !<\/strong> Une <a href=\"https:\/\/actu.fr\/tag\/teor\" target=\"_blank\" rel=\"noopener\">nouvelle ligne de Teor<\/a>, la T5 donc, va voir le jour tr\u00e8s bient\u00f4t \u00e0 <a href=\"https:\/\/actu.fr\/normandie\/rouen_76540\" target=\"_blank\" rel=\"noopener\">Rouen<\/a>. Plus pr\u00e9cis\u00e9ment, <strong>d\u00e8s le samedi 29 novembre 2025<\/strong>. Trajet, arr\u00eats, horaires\u2026 On vous dit tout ce qu\u2019il y a \u00e0 savoir sur cette nouvelle ligne.<\/p>\n<p>Par o\u00f9 passera la T5 \u00e0 Rouen ?<\/p>\n<p class=\" wall-content\">La T5 est donc la cinqui\u00e8me ligne de Teor. Initialement, ces lignes de BHNS (bus \u00e0 haut niveau de service) reliaient l\u2019est et l\u2019ouest rouennais, d\u2019o\u00f9 leur nom de Teor (transport est-ouest rouennais).<\/p>\n<p class=\" wall-content\">Mais depuis <a href=\"https:\/\/actu.fr\/normandie\/rouen_76540\/videos-trace-horaires-cout-ce-quil-faut-savoir-sur-nouvelle-ligne-bus-t4-rouen_23905466.html\" target=\"_blank\" rel=\"noopener\">la T4, lanc\u00e9e en 2019<\/a>, Teor va aussi du nord au sud. Ce qui sera aussi le cas de la T5.<\/p>\n<p class=\" wall-content\">En effet, la nouvelle ligne ira de Champlain, sur la rive gauche de Rouen, au Mont aux Malades, \u00e0 Mont-Saint-Aignan, en passant par les arr\u00eats suivants :\u00a0<\/p>\n<ul class=\" wall-content\">\n<li><strong>Joffre-Mutualit\u00e9<\/strong><\/li>\n<li><strong>Amiral C\u00e9cille<\/strong><\/li>\n<li><strong>Orl\u00e9ans<\/strong><\/li>\n<li><strong>Camille Claudel<\/strong><\/li>\n<li><strong>Mont-Riboudet<\/strong><\/li>\n<li><strong>Fond du Val<\/strong><\/li>\n<li><strong>Campus<\/strong><\/li>\n<li><strong>Place Colbert<\/strong><\/li>\n<li><strong>Mont aux Malades<\/strong><\/li>\n<\/ul>\n<p>Vid\u00e9os : en ce moment sur ActuQuels horaires pour la T5 ?<\/p>\n<p class=\" wall-content\">La T5 circulera, en p\u00e9riode normale (hors vacances et jours f\u00e9ri\u00e9s),<strong> toutes les 8 \u00e0 10 minutes entre 7h et 20h.<\/strong> Le premier bus part de Champlain \u00e0 5h30 et le dernier \u00e0 minuit pile.\u00a0Les samedis, il faut compter un T5 toutes les 10 minutes l\u2019apr\u00e8s-midi.\u00a0<\/p>\n<p>Votre r\u00e9gion, votre actu !<\/p>\n<p>Recevez chaque jour les infos qui comptent pour vous.<\/p>\n<p>\t<a href=\"https:\/\/actu.fr\/newsletter\" class=\"ac-btn ac-btn--corner ac-btn--medium ac-btn--blue800\" target=\"_blank\" rel=\"noopener\">S&rsquo;incrire<\/a><\/p>\n<p class=\" wall-content\">La nouvelle ligne de Teor a plusieurs vocations. Elle doit permettre de d\u00e9sengorger un peu la T1, souvent satur\u00e9e par les \u00e9tudiants du campus de Mont-Saint-Aignan. Mais aussi de desservir les quartiers Flaubert et Saint-Sever, dans l\u2019optique de la nouvelle gare qui se fait toujours attendre.<\/p>\n<p class=\" wall-content\">Reste \u00e0 esp\u00e9rer que <a href=\"https:\/\/actu.fr\/normandie\/rouen_76540\/greve-dans-les-transports-a-rouen-des-perturbations-annoncees-pour-le-debut-de-la-foire-saint-romain_63328280.html\" target=\"_blank\" rel=\"noopener\">la gr\u00e8ve en cours chaque samedi<\/a> ne vienne pas perturber le lancement en fanfare de la nouvelle ligne.<\/p>\n<p>Suivez l\u2019actualit\u00e9 de Rouen <a href=\"https:\/\/www.whatsapp.com\/channel\/0029VaKfnf99hXF2ddApFB1D\" target=\"_blank\" rel=\"noopener\">sur notre cha\u00eene WhatsApp<\/a> et <a href=\"https:\/\/www.tiktok.com\/@76actu.fr?lang=fr\" target=\"_blank\" rel=\"noopener\">sur notre compte TikTok<\/a><\/p>\n<p class=\" wall-content\">Personnalisez votre actualit\u00e9 en ajoutant vos villes et m\u00e9dias en favori avec <a href=\"https:\/\/moncompte.actu.fr\" title=\"D\u00e9couvez Mon Actu\" rel=\"nofollow noopener\" data-trk=\"{&quot;cta&quot;:{&quot;action&quot;:&quot;https:\\\/\\\/moncompte.actu.fr&quot;,&quot;category&quot;:&quot;mon compte&quot;,&quot;from&quot;:&quot;article footer&quot;,&quot;name&quot;:&quot;Mon actu&quot;,&quot;type&quot;:&quot;cta&quot;}}\" target=\"_blank\">Mon Actu<\/a>.<\/p>\n<p>                    <script async src=\"\/\/www.tiktok.com\/embed.js\"><\/script><\/p>\n","protected":false},"excerpt":{"rendered":"Par Julien Bouteiller Publi\u00e9 le 17 nov. 2025 \u00e0 19h10 Et de cinq ! Une nouvelle ligne de&hellip;\n","protected":false},"author":2,"featured_media":540881,"comment_status":"","ping_status":"","sticky":false,"template":"","format":"standard","meta":{"footnotes":""},"categories":[9587],"tags":[1111,11,1777,674,1011,27,12,5161,25,9726,9590,104,31790,2803],"class_list":{"0":"post-540880","1":"post","2":"type-post","3":"status-publish","4":"format-standard","5":"has-post-thumbnail","7":"category-rouen","8":"tag-actu","9":"tag-actualites","10":"tag-eu","11":"tag-europe","12":"tag-fr","13":"tag-france","14":"tag-news","15":"tag-normandie","16":"tag-republique-francaise","17":"tag-reseau-astuce-tcar","18":"tag-rouen","19":"tag-societe","20":"tag-teor","21":"tag-transport"},"share_on_mastodon":{"url":"https:\/\/pubeurope.com\/@fr\/115566650618157543","error":""},"_links":{"self":[{"href":"https:\/\/www.europesays.com\/fr\/wp-json\/wp\/v2\/posts\/540880","targetHints":{"allow":["GET"]}}],"collection":[{"href":"https:\/\/www.europesays.com\/fr\/wp-json\/wp\/v2\/posts"}],"about":[{"href":"https:\/\/www.europesays.com\/fr\/wp-json\/wp\/v2\/types\/post"}],"author":[{"embeddable":true,"href":"https:\/\/www.europesays.com\/fr\/wp-json\/wp\/v2\/users\/2"}],"replies":[{"embeddable":true,"href":"https:\/\/www.europesays.com\/fr\/wp-json\/wp\/v2\/comments?post=540880"}],"version-history":[{"count":0,"href":"https:\/\/www.europesays.com\/fr\/wp-json\/wp\/v2\/posts\/540880\/revisions"}],"wp:featuredmedia":[{"embeddable":true,"href":"https:\/\/www.europesays.com\/fr\/wp-json\/wp\/v2\/media\/540881"}],"wp:attachment":[{"href":"https:\/\/www.europesays.com\/fr\/wp-json\/wp\/v2\/media?parent=540880"}],"wp:term":[{"taxonomy":"category","embeddable":true,"href":"https:\/\/www.europesays.com\/fr\/wp-json\/wp\/v2\/categories?post=540880"},{"taxonomy":"post_tag","embeddable":true,"href":"https:\/\/www.europesays.com\/fr\/wp-json\/wp\/v2\/tags?post=540880"}],"curies":[{"name":"wp","href":"https:\/\/api.w.org\/{rel}","templated":true}]}}