{"id":540882,"date":"2025-11-17T19:18:19","date_gmt":"2025-11-17T19:18:19","guid":{"rendered":"https:\/\/www.europesays.com\/fr\/540882\/"},"modified":"2025-11-17T19:18:19","modified_gmt":"2025-11-17T19:18:19","slug":"grenoble-nathacha-appanah-sera-au-square-mercredi","status":"publish","type":"post","link":"https:\/\/www.europesays.com\/fr\/540882\/","title":{"rendered":"Grenoble. Nathacha Appanah sera au Square mercredi"},"content":{"rendered":"<p>Mercredi 19\u00a0novembre, \u00e0 19\u00a0heures, la librairie Le Square, (2 place L\u00e9on-Martin) recevra Nathacha Appanah pour La nuit au c\u0153ur (Gallimard), qui vient de recevoir le Prix Femina et le Prix Renaudot des lyc\u00e9ens. Ici, l\u2019autrice d\u00e9roule trois destins entrelac\u00e9s de femmes qui ont \u00e9t\u00e9 victimes de la violence de leurs compagnons, dont le sien\u00a0; de l\u2019insouciance \u00e0 la trag\u00e9die. Au c\u0153ur de la nuit, elle descend pour d\u00e9voiler les m\u00e9canismes du f\u00e9minicide conjugal, avec une narration forte, tendue, sur le fil.<\/p>\n<p class=\"note\">R\u00e9servation conseill\u00e9e au 04\u00a076\u00a046\u00a061\u00a063 ou par mail reservation @librairielesquare.fr<\/p>\n","protected":false},"excerpt":{"rendered":"Mercredi 19\u00a0novembre, \u00e0 19\u00a0heures, la librairie Le Square, (2 place L\u00e9on-Martin) recevra Nathacha Appanah pour La nuit au&hellip;\n","protected":false},"author":2,"featured_media":540883,"comment_status":"","ping_status":"","sticky":false,"template":"","format":"standard","meta":{"footnotes":""},"categories":[9566],"tags":[1111,11,2430,6211,1687,112,1777,674,1011,27,2731,2732,12,5486,25],"class_list":{"0":"post-540882","1":"post","2":"type-post","3":"status-publish","4":"format-standard","5":"has-post-thumbnail","7":"category-grenoble","8":"tag-actu","9":"tag-actualites","10":"tag-auvergne-rhone-alpes","11":"tag-conference","12":"tag-culture-loisirs","13":"tag-edition-grenoble-agglomeration","14":"tag-eu","15":"tag-europe","16":"tag-fr","17":"tag-france","18":"tag-grenoble","19":"tag-grenoble-bassin","20":"tag-news","21":"tag-rencontre","22":"tag-republique-francaise"},"share_on_mastodon":{"url":"https:\/\/pubeurope.com\/@fr\/115566654833197167","error":""},"_links":{"self":[{"href":"https:\/\/www.europesays.com\/fr\/wp-json\/wp\/v2\/posts\/540882","targetHints":{"allow":["GET"]}}],"collection":[{"href":"https:\/\/www.europesays.com\/fr\/wp-json\/wp\/v2\/posts"}],"about":[{"href":"https:\/\/www.europesays.com\/fr\/wp-json\/wp\/v2\/types\/post"}],"author":[{"embeddable":true,"href":"https:\/\/www.europesays.com\/fr\/wp-json\/wp\/v2\/users\/2"}],"replies":[{"embeddable":true,"href":"https:\/\/www.europesays.com\/fr\/wp-json\/wp\/v2\/comments?post=540882"}],"version-history":[{"count":0,"href":"https:\/\/www.europesays.com\/fr\/wp-json\/wp\/v2\/posts\/540882\/revisions"}],"wp:featuredmedia":[{"embeddable":true,"href":"https:\/\/www.europesays.com\/fr\/wp-json\/wp\/v2\/media\/540883"}],"wp:attachment":[{"href":"https:\/\/www.europesays.com\/fr\/wp-json\/wp\/v2\/media?parent=540882"}],"wp:term":[{"taxonomy":"category","embeddable":true,"href":"https:\/\/www.europesays.com\/fr\/wp-json\/wp\/v2\/categories?post=540882"},{"taxonomy":"post_tag","embeddable":true,"href":"https:\/\/www.europesays.com\/fr\/wp-json\/wp\/v2\/tags?post=540882"}],"curies":[{"name":"wp","href":"https:\/\/api.w.org\/{rel}","templated":true}]}}