{"id":540884,"date":"2025-11-17T19:19:16","date_gmt":"2025-11-17T19:19:16","guid":{"rendered":"https:\/\/www.europesays.com\/fr\/540884\/"},"modified":"2025-11-17T19:19:16","modified_gmt":"2025-11-17T19:19:16","slug":"coma-point-de-deal-enquete-ce-que-lon-sait-sur-la-fusillade-qui-a-grievement-blesse-un-jeune-adolescent","status":"publish","type":"post","link":"https:\/\/www.europesays.com\/fr\/540884\/","title":{"rendered":"Coma, point de deal, enqu\u00eate\u2026 Ce que l\u2019on sait sur la fusillade qui a gri\u00e8vement bless\u00e9 un jeune adolescent"},"content":{"rendered":"<p>Dans la nuit de samedi \u00e0 dimanche, un mineur a \u00e9t\u00e9 gri\u00e8vement bless\u00e9 par balles \u00e0 <a href=\"https:\/\/www.20minutes.fr\/grenoble\/\" target=\"_blank\" class=\"c-link c-link--is-underlined\" rel=\"noopener\">Grenoble<\/a>, dans un secteur marqu\u00e9 par le <a href=\"https:\/\/www.20minutes.fr\/dossier\/narcotrafiquants\" target=\"_blank\" class=\"c-link c-link--is-underlined\" rel=\"noopener\">narcotrafic<\/a>. Tandis que la victime reste dans un \u00e9tat critique, l\u2019enqu\u00eate cherche encore \u00e0 \u00e9tablir son identit\u00e9 et les circonstances exactes de l\u2019attaque. 20 Minutes fait le point.<\/p>\n<p>Que s\u2019est-il exactement pass\u00e9\u00a0?<\/p>\n<p><a href=\"https:\/\/www.20minutes.fr\/faits_divers\/4185889-20251116-grenoble-adolescent-12-ans-grievement-blesse-balles-point-deal\" target=\"_blank\" class=\"c-link c-link--is-underlined\" rel=\"noopener\">Les tirs ont \u00e9clat\u00e9, peu avant 3 heures du matin<\/a>, \u00e0 proximit\u00e9 imm\u00e9diate d\u2019un point de vente de stup\u00e9fiants situ\u00e9 rue du Drac, dans le quartier Chorier-Berriat de Grenoble. Des habitants ont alert\u00e9 les secours apr\u00e8s avoir entendu plusieurs coups de feu suivis du d\u00e9part pr\u00e9cipit\u00e9 d\u2019un v\u00e9hicule.<\/p>\n<p>Les policiers ont d\u00e9couvert neuf \u00e9tuis de calibre 9\u00a0mm sur la chauss\u00e9e. Le gar\u00e7on touch\u00e9 pr\u00e9sentait trois impacts\u00a0: un dans le dos, deux dans les jambes. Il se trouvait en arr\u00eat cardio-respiratoire \u00e0 l\u2019arriv\u00e9e des secours, qui ont r\u00e9ussi \u00e0 le r\u00e9animer avant son transfert au CHU de Grenoble. Lundi, la victime se trouvait toujours dans le coma avec un pronostic vital engag\u00e9.<\/p>\n<p>Que sait-on de la victime\u00a0?<\/p>\n<p>Selon le parquet, il s\u2019agit d\u2019un mineur de \u00ab\u00a0presque 14 ans\u00a0\u00bb probablement n\u00e9 en Alg\u00e9rie en d\u00e9cembre\u00a02011, mais enregistr\u00e9 sous plusieurs identit\u00e9s diff\u00e9rentes lors de pr\u00e9c\u00e9dentes interpellations. Selon <a href=\"https:\/\/www.leparisien.fr\/faits-divers\/grenoble-possible-reglement-de-compte-victime-dans-le-coma-ce-que-lon-sait-de-la-fusillade-qui-a-vise-un-garcon-de-12-ans-17-11-2025-JUG7KWFO2ZBNRJCMT57DC4I3JU.php\" rel=\"nofollow noopener\" target=\"_blank\" class=\"c-link c-link--is-underlined\">Le Parisien<\/a>, ce gar\u00e7on serait un <a href=\"https:\/\/www.20minutes.fr\/dossier\/mineur\" target=\"_blank\" class=\"c-link c-link--is-underlined\" rel=\"noopener\">mineur<\/a> non accompagn\u00e9 impliqu\u00e9 dans le trafic de stup\u00e9fiants aussi bien en r\u00e9gion parisienne qu\u2019\u00e0 Grenoble. Le quotidien pr\u00e9cise qu\u2019il a \u00e9t\u00e9 retrouv\u00e9 en possession de 75\u00a0g de <a href=\"https:\/\/www.20minutes.fr\/dossier\/cannabis\" target=\"_blank\" class=\"c-link c-link--is-underlined\" rel=\"noopener\">cannabis<\/a>, 25\u00a0g de <a href=\"https:\/\/www.20minutes.fr\/dossier\/cocaine\" target=\"_blank\" class=\"c-link c-link--is-underlined\" rel=\"noopener\">coca\u00efne<\/a> et de l\u2019argent liquide lors d\u2019un contr\u00f4le en octobre dernier sur un autre point de deal du quartier Saint-Bruno. Il faisait l\u2019objet d\u2019une convocation devant le tribunal pour enfants de Grenoble le 10\u00a0d\u00e9cembre 2025.<\/p>\n<\/p>\n<p>D\u2019apr\u00e8s <a href=\"https:\/\/www.francebleu.fr\/infos\/faits-divers-justice\/grenoble-ce-que-l-on-sait-de-la-fusillade-qui-a-grievement-blesse-un-adolescent-3594470\" rel=\"nofollow noopener\" target=\"_blank\" class=\"c-link c-link--is-underlined\">France Bleu<\/a>, l\u2019adolescent avait \u00e9t\u00e9 plac\u00e9 dans un foyer du d\u00e9partement de l\u2019<a href=\"https:\/\/www.20minutes.fr\/societe\/isere\/\" target=\"_blank\" class=\"c-link c-link--is-underlined\" rel=\"noopener\">Is\u00e8re<\/a>, relevant de l\u2019aide sociale \u00e0 l\u2019enfance, dont il fuguait r\u00e9guli\u00e8rement ces derniers temps. Un homme, connu sous plusieurs alias pour des faits de trafic, s\u2019est pr\u00e9sent\u00e9 \u00e0 l\u2019h\u00f4pital en affirmant \u00eatre son grand fr\u00e8re.<\/p>\n<p>Quelle est situation des points de deal \u00e0 Grenoble\u00a0?<\/p>\n<p>Le lieu de la fusillade se trouve \u00e0 la lisi\u00e8re du quartier Saint-Bruno, l\u2019un des principaux foyers du narcotrafic local. France Bleu rappelle que la ville compte encore 28 points de deal actifs, contre 41 l\u2019ann\u00e9e pr\u00e9c\u00e9dente, selon les autorit\u00e9s.<\/p>\n<p>Les habitants d\u00e9crivent un quartier r\u00e9sidentiel en apparence calme mais r\u00e9guli\u00e8rement secou\u00e9 par des violences li\u00e9es \u00e0 des rivalit\u00e9s entre groupes criminels. Ce secteur a \u00e9t\u00e9 le th\u00e9\u00e2tre de plusieurs fusillades en\u00a02024, d\u00e9crites \u00e0 l\u2019\u00e9poque comme une \u00ab\u00a0guerre des gangs\u00a0\u00bb par les autorit\u00e9s, note encore Le Parisien.<\/p>\n<p>O\u00f9 en est l\u2019enqu\u00eate\u00a0?<\/p>\n<p>Le parquet de Grenoble a ouvert une enqu\u00eate pour tentative de meurtre, confi\u00e9e \u00e0 la Division de la criminalit\u00e9 organis\u00e9e et sp\u00e9cialis\u00e9e (DCOS). Aucun suspect n\u2019a \u00e9t\u00e9 identifi\u00e9 ou interpell\u00e9 \u00e0 ce stade.<\/p>\n<p><a href=\"https:\/\/www.20minutes.fr\/dossier\/narcotrafiquants\" target=\"_blank\" class=\"c-link c-btn c-btn--primary\" rel=\"noopener\">Notre dossier sur le narcotrafic<\/a><\/p>\n<p>Les enqu\u00eateurs n\u2019\u00e9cartent aucune piste, mais Le Parisien indique que l\u2019hypoth\u00e8se d\u2019un r\u00e8glement de comptes li\u00e9 au trafic de stup\u00e9fiants appara\u00eet la plus probable, compte tenu du profil de la victime et du lieu cibl\u00e9. Le parquet n\u2019a pas officiellement confirm\u00e9 ce lien, m\u00eame s\u2019il reconna\u00eet que le contexte l\u2019\u00e9voque fortement.<\/p>\n","protected":false},"excerpt":{"rendered":"Dans la nuit de samedi \u00e0 dimanche, un mineur a \u00e9t\u00e9 gri\u00e8vement bless\u00e9 par balles \u00e0 Grenoble, dans&hellip;\n","protected":false},"author":2,"featured_media":540885,"comment_status":"","ping_status":"","sticky":false,"template":"","format":"standard","meta":{"footnotes":""},"categories":[9566],"tags":[1111,47,11,15,2430,3675,8982,1777,674,118,1011,27,3832,2731,108,1123,813,12,25,2431,809],"class_list":{"0":"post-540884","1":"post","2":"type-post","3":"status-publish","4":"format-standard","5":"has-post-thumbnail","7":"category-grenoble","8":"tag-actu","9":"tag-actualite","10":"tag-actualites","11":"tag-algerie","12":"tag-auvergne-rhone-alpes","13":"tag-cannabis","14":"tag-coma","15":"tag-eu","16":"tag-europe","17":"tag-faits-divers","18":"tag-fr","19":"tag-france","20":"tag-fusillade","21":"tag-grenoble","22":"tag-isere","23":"tag-mineur","24":"tag-narcotrafiquants","25":"tag-news","26":"tag-republique-francaise","27":"tag-rhone-alpes","28":"tag-violence"},"share_on_mastodon":{"url":"https:\/\/pubeurope.com\/@fr\/115566658513992974","error":""},"_links":{"self":[{"href":"https:\/\/www.europesays.com\/fr\/wp-json\/wp\/v2\/posts\/540884","targetHints":{"allow":["GET"]}}],"collection":[{"href":"https:\/\/www.europesays.com\/fr\/wp-json\/wp\/v2\/posts"}],"about":[{"href":"https:\/\/www.europesays.com\/fr\/wp-json\/wp\/v2\/types\/post"}],"author":[{"embeddable":true,"href":"https:\/\/www.europesays.com\/fr\/wp-json\/wp\/v2\/users\/2"}],"replies":[{"embeddable":true,"href":"https:\/\/www.europesays.com\/fr\/wp-json\/wp\/v2\/comments?post=540884"}],"version-history":[{"count":0,"href":"https:\/\/www.europesays.com\/fr\/wp-json\/wp\/v2\/posts\/540884\/revisions"}],"wp:featuredmedia":[{"embeddable":true,"href":"https:\/\/www.europesays.com\/fr\/wp-json\/wp\/v2\/media\/540885"}],"wp:attachment":[{"href":"https:\/\/www.europesays.com\/fr\/wp-json\/wp\/v2\/media?parent=540884"}],"wp:term":[{"taxonomy":"category","embeddable":true,"href":"https:\/\/www.europesays.com\/fr\/wp-json\/wp\/v2\/categories?post=540884"},{"taxonomy":"post_tag","embeddable":true,"href":"https:\/\/www.europesays.com\/fr\/wp-json\/wp\/v2\/tags?post=540884"}],"curies":[{"name":"wp","href":"https:\/\/api.w.org\/{rel}","templated":true}]}}