{"id":540886,"date":"2025-11-17T19:20:17","date_gmt":"2025-11-17T19:20:17","guid":{"rendered":"https:\/\/www.europesays.com\/fr\/540886\/"},"modified":"2025-11-17T19:20:17","modified_gmt":"2025-11-17T19:20:17","slug":"cambriolage-dans-ce-commerce-du-centre-ville-a-rennes-les-voleurs-repartent-avec-un-gros-butin","status":"publish","type":"post","link":"https:\/\/www.europesays.com\/fr\/540886\/","title":{"rendered":"Cambriolage dans ce commerce du centre-ville \u00e0 Rennes\u00a0: les voleurs repartent avec un gros butin"},"content":{"rendered":"<p>Le magasin d\u2019antiquit\u00e9s, situ\u00e9 rue Vasselot dans le centre-ville de Rennes, a \u00e9t\u00e9 victime d\u2019un cambriolage dans la nuit du dimanche 16 au lundi 17 novembre a appris le T\u00e9l\u00e9gramme confirmant une information de <a href=\"https:\/\/www.rennes-infos-autrement.fr\/cambriolage-chez-un-antiquaire\/\" target=\"_blank\" rel=\"noopener\">Rennes Info Autrement<\/a>.<\/p>\n<p>Selon les premi\u00e8res estimations, le pr\u00e9judice financier serait compris entre 50 000 et 100 000 \u20ac. Les objets d\u00e9rob\u00e9s sont principalement des bijoux. Sp\u00e9cialis\u00e9e dans l\u2019argenterie et le tissu brod\u00e9, l\u2019enseigne proposait de nombreuses pi\u00e8ces de valeur au sein de sa boutique.<\/p>\n<p>Fait notable : aucune trace d\u2019effraction n\u2019\u00e9tait visible depuis l\u2019ext\u00e9rieur du magasin au moment des premi\u00e8res constatations. Une enqu\u00eate est en cours pour d\u00e9terminer les circonstances exactes de ce vol et identifier les auteurs.<\/p>\n","protected":false},"excerpt":{"rendered":"Le magasin d\u2019antiquit\u00e9s, situ\u00e9 rue Vasselot dans le centre-ville de Rennes, a \u00e9t\u00e9 victime d\u2019un cambriolage dans la&hellip;\n","protected":false},"author":2,"featured_media":540887,"comment_status":"","ping_status":"","sticky":false,"template":"","format":"standard","meta":{"footnotes":""},"categories":[2821],"tags":[1111,11,829,765,1777,674,3383,1011,27,848,12,50972,584,25],"class_list":{"0":"post-540886","1":"post","2":"type-post","3":"status-publish","4":"format-standard","5":"has-post-thumbnail","7":"category-rennes","8":"tag-actu","9":"tag-actualites","10":"tag-bretagne","11":"tag-en-continu","12":"tag-eu","13":"tag-europe","14":"tag-faits-divers-a-rennes","15":"tag-fr","16":"tag-france","17":"tag-ille-et-vilaine","18":"tag-news","19":"tag-newsletter-la-rennes-quotidienne","20":"tag-rennes","21":"tag-republique-francaise"},"share_on_mastodon":{"url":"https:\/\/pubeurope.com\/@fr\/115566662426410916","error":""},"_links":{"self":[{"href":"https:\/\/www.europesays.com\/fr\/wp-json\/wp\/v2\/posts\/540886","targetHints":{"allow":["GET"]}}],"collection":[{"href":"https:\/\/www.europesays.com\/fr\/wp-json\/wp\/v2\/posts"}],"about":[{"href":"https:\/\/www.europesays.com\/fr\/wp-json\/wp\/v2\/types\/post"}],"author":[{"embeddable":true,"href":"https:\/\/www.europesays.com\/fr\/wp-json\/wp\/v2\/users\/2"}],"replies":[{"embeddable":true,"href":"https:\/\/www.europesays.com\/fr\/wp-json\/wp\/v2\/comments?post=540886"}],"version-history":[{"count":0,"href":"https:\/\/www.europesays.com\/fr\/wp-json\/wp\/v2\/posts\/540886\/revisions"}],"wp:featuredmedia":[{"embeddable":true,"href":"https:\/\/www.europesays.com\/fr\/wp-json\/wp\/v2\/media\/540887"}],"wp:attachment":[{"href":"https:\/\/www.europesays.com\/fr\/wp-json\/wp\/v2\/media?parent=540886"}],"wp:term":[{"taxonomy":"category","embeddable":true,"href":"https:\/\/www.europesays.com\/fr\/wp-json\/wp\/v2\/categories?post=540886"},{"taxonomy":"post_tag","embeddable":true,"href":"https:\/\/www.europesays.com\/fr\/wp-json\/wp\/v2\/tags?post=540886"}],"curies":[{"name":"wp","href":"https:\/\/api.w.org\/{rel}","templated":true}]}}