{"id":540900,"date":"2025-11-17T19:31:27","date_gmt":"2025-11-17T19:31:27","guid":{"rendered":"https:\/\/www.europesays.com\/fr\/540900\/"},"modified":"2025-11-17T19:31:27","modified_gmt":"2025-11-17T19:31:27","slug":"nantes-pleure-avant-le-match-de-la-peur","status":"publish","type":"post","link":"https:\/\/www.europesays.com\/fr\/540900\/","title":{"rendered":"Nantes pleure avant le match de la peur"},"content":{"rendered":"<p><b>Barragiste apr\u00e8s 12 journ\u00e9es de Ligue 1, le FC Nantes devra terminer l\u2019ann\u00e9e civile avec un s\u00e9rieux handicap. L\u2019entra\u00eeneur des Canaris Luis Castro ne pourra pas s\u2019appuyer sur le polyvalent Louis Leroux, \u00e9loign\u00e9 des terrains pour de longues semaines apr\u00e8s sa blessure \u00e0 la cuisse avec l\u2019\u00e9quipe de France Espoirs.<\/b><\/p>\n<p>Le <a href=\"https:\/\/www.foot01.com\/equipe\/nantes\/\" target=\"_blank\" rel=\"noopener\">FC Nantes<\/a> n\u2019avait vraiment pas besoin de \u00e7a. Au bord de la zone rouge, l\u2019actuel barragiste de Ligue 1 va terminer l\u2019ann\u00e9e civile sans l\u2019un de ses principaux atouts. Les Canaris seront priv\u00e9s de Louis Leroux qui s\u2019est bless\u00e9 pendant le rassemblement de l\u2019\u00e9quipe de France Espoirs. Appel\u00e9 par le s\u00e9lectionneur G\u00e9rald Baticle, le milieu de terrain capable d\u2019\u00e9voluer \u00e0 diff\u00e9rents postes a ressenti une douleur \u00e0 la cuisse pendant l\u2019entra\u00eenement mercredi dernier.Fin d&rsquo;ann\u00e9e pour Leroux<\/p>\n<p>Le staff m\u00e9dical des Bleuets n\u2019a pris aucun risque et l\u2019a d\u00e9clar\u00e9 forfait pour les matchs des \u00e9liminatoires de l\u2019Euro 2027 contre la Suisse (1-1) vendredi et les \u00celes F\u00e9ro\u00e9 ce lundi soir. C\u2019est donc \u00e0 Nantes que Louis Leroux a pass\u00e9 des examens pour en savoir plus sur l\u2019\u00e9tat de sa cuisse. R\u00e9sultat, sa l\u00e9sion musculaire va l\u2019\u00e9loigner des terrains pour de longues semaines. Le quotidien r\u00e9gional Ouest-France l\u2019annonce absent jusqu\u2019en 2026. Au total, le Nantais va manquer cinq rencontres toutes comp\u00e9titions confondues.<\/p>\n<p>En plus de la confrontation face au rel\u00e9gable Lorient dimanche, Louis Leroux ne sera pas non plus disponible pour la venue du Racing Club de Lens. Le pur produit nantais ratera aussi les d\u00e9placements \u00e0 Lyon et \u00e0 Angers, sans compter le 32e de finale de Coupe de France le 20 ou 21 d\u00e9cembre contre un adversaire \u00e0 d\u00e9terminer. C\u2019est un \u00e9norme coup dur pour le coach Luis Castro qui a utilis\u00e9 Louis Leroux lors des 12 matchs disput\u00e9s cette saison, dont 10 fois comme titulaire. A noter aussi que le Bleuet a jou\u00e9 l\u2019int\u00e9gralit\u00e9 des 8 derni\u00e8res rencontres.<\/p>\n<p><img decoding=\"async\" src=\"https:\/\/www.europesays.com\/fr\/wp-content\/uploads\/2025\/11\/37660429.png\" alt=\"L. Leroux\" class=\"w-16 h-16 object-cover rounded-full\"\/><\/p>\n<p>L. Leroux<\/p>\n<p><img decoding=\"async\" src=\"https:\/\/www.europesays.com\/fr\/wp-content\/uploads\/2025\/09\/fr.png\" alt=\"France\" class=\"w-6 h-4 object-cover\"\/>France \u2022 \u00c2ge  \u2022 Milieu<\/p>\n","protected":false},"excerpt":{"rendered":"Barragiste apr\u00e8s 12 journ\u00e9es de Ligue 1, le FC Nantes devra terminer l\u2019ann\u00e9e civile avec un s\u00e9rieux handicap.&hellip;\n","protected":false},"author":2,"featured_media":540901,"comment_status":"","ping_status":"","sticky":false,"template":"","format":"standard","meta":{"footnotes":""},"categories":[2818],"tags":[1111,11,1777,674,462,1011,27,766,12,2636,25],"class_list":{"0":"post-540900","1":"post","2":"type-post","3":"status-publish","4":"format-standard","5":"has-post-thumbnail","7":"category-nantes","8":"tag-actu","9":"tag-actualites","10":"tag-eu","11":"tag-europe","12":"tag-fc-nantes","13":"tag-fr","14":"tag-france","15":"tag-nantes","16":"tag-news","17":"tag-pays-de-la-loire","18":"tag-republique-francaise"},"share_on_mastodon":{"url":"https:\/\/pubeurope.com\/@fr\/115566706366005965","error":""},"_links":{"self":[{"href":"https:\/\/www.europesays.com\/fr\/wp-json\/wp\/v2\/posts\/540900","targetHints":{"allow":["GET"]}}],"collection":[{"href":"https:\/\/www.europesays.com\/fr\/wp-json\/wp\/v2\/posts"}],"about":[{"href":"https:\/\/www.europesays.com\/fr\/wp-json\/wp\/v2\/types\/post"}],"author":[{"embeddable":true,"href":"https:\/\/www.europesays.com\/fr\/wp-json\/wp\/v2\/users\/2"}],"replies":[{"embeddable":true,"href":"https:\/\/www.europesays.com\/fr\/wp-json\/wp\/v2\/comments?post=540900"}],"version-history":[{"count":0,"href":"https:\/\/www.europesays.com\/fr\/wp-json\/wp\/v2\/posts\/540900\/revisions"}],"wp:featuredmedia":[{"embeddable":true,"href":"https:\/\/www.europesays.com\/fr\/wp-json\/wp\/v2\/media\/540901"}],"wp:attachment":[{"href":"https:\/\/www.europesays.com\/fr\/wp-json\/wp\/v2\/media?parent=540900"}],"wp:term":[{"taxonomy":"category","embeddable":true,"href":"https:\/\/www.europesays.com\/fr\/wp-json\/wp\/v2\/categories?post=540900"},{"taxonomy":"post_tag","embeddable":true,"href":"https:\/\/www.europesays.com\/fr\/wp-json\/wp\/v2\/tags?post=540900"}],"curies":[{"name":"wp","href":"https:\/\/api.w.org\/{rel}","templated":true}]}}