{"id":540911,"date":"2025-11-17T19:42:39","date_gmt":"2025-11-17T19:42:39","guid":{"rendered":"https:\/\/www.europesays.com\/fr\/540911\/"},"modified":"2025-11-17T19:42:39","modified_gmt":"2025-11-17T19:42:39","slug":"athletisme-un-nouveau-record-sur-10-km-a-lille-pour-julien-rabaca-acs-monistrol","status":"publish","type":"post","link":"https:\/\/www.europesays.com\/fr\/540911\/","title":{"rendered":"Athl\u00e9tisme. Un nouveau record sur 10\u00a0km \u00e0 Lille pour Julien Rabaca (ACS Monistrol)"},"content":{"rendered":"<p>Le routard monistrolien a pris, ce samedi, la quinzi\u00e8me place du 10\u00a0km international de Lille et la cinqui\u00e8me parmi les Fran\u00e7ais, en am\u00e9liorant une nouvelle fois son record personnel sur la distance (28\u201947\u2019\u2019), soit quarante-six secondes de moins qu\u2019\u00e0 V\u00e9nissieux il y a un an.<\/p>\n<p><strong> \u25b6 \u2002 Hugo Miozzo d\u00e9j\u00e0 devant<\/strong><\/p>\n<p>La saison de cross n\u2019en est qu\u2019\u00e0 ses pr\u00e9mices. Ce qui n\u2019emp\u00eache pas Hugo Miozzo d\u2019en \u00eatre d\u00e9j\u00e0 aux avant-postes. Ce dimanche \u00e0 Pontcharra, le cadet soci\u00e9taire de la section locale montbrisonnaise du CA du Roannais, s\u2019est impos\u00e9, \u00e0 l\u2019arriv\u00e9e des 3,8\u00a0km, avec trois&#8230;<\/p>\n","protected":false},"excerpt":{"rendered":"Le routard monistrolien a pris, ce samedi, la quinzi\u00e8me place du 10\u00a0km international de Lille et la cinqui\u00e8me&hellip;\n","protected":false},"author":2,"featured_media":540912,"comment_status":"","ping_status":"","sticky":false,"template":"","format":"standard","meta":{"footnotes":""},"categories":[2815],"tags":[1111,11,4132,10446,1777,674,1011,27,811,1307,38329,38330,12,25,517],"class_list":{"0":"post-540911","1":"post","2":"type-post","3":"status-publish","4":"format-standard","5":"has-post-thumbnail","7":"category-lille","8":"tag-actu","9":"tag-actualites","10":"tag-athletisme","11":"tag-edition-haute-loire","12":"tag-eu","13":"tag-europe","14":"tag-fr","15":"tag-france","16":"tag-hauts-de-france","17":"tag-lille","18":"tag-monistrol-sur-loire","19":"tag-monistrol-sur-loire-ville","20":"tag-news","21":"tag-republique-francaise","22":"tag-sport"},"share_on_mastodon":{"url":"https:\/\/pubeurope.com\/@fr\/115566748838664352","error":""},"_links":{"self":[{"href":"https:\/\/www.europesays.com\/fr\/wp-json\/wp\/v2\/posts\/540911","targetHints":{"allow":["GET"]}}],"collection":[{"href":"https:\/\/www.europesays.com\/fr\/wp-json\/wp\/v2\/posts"}],"about":[{"href":"https:\/\/www.europesays.com\/fr\/wp-json\/wp\/v2\/types\/post"}],"author":[{"embeddable":true,"href":"https:\/\/www.europesays.com\/fr\/wp-json\/wp\/v2\/users\/2"}],"replies":[{"embeddable":true,"href":"https:\/\/www.europesays.com\/fr\/wp-json\/wp\/v2\/comments?post=540911"}],"version-history":[{"count":0,"href":"https:\/\/www.europesays.com\/fr\/wp-json\/wp\/v2\/posts\/540911\/revisions"}],"wp:featuredmedia":[{"embeddable":true,"href":"https:\/\/www.europesays.com\/fr\/wp-json\/wp\/v2\/media\/540912"}],"wp:attachment":[{"href":"https:\/\/www.europesays.com\/fr\/wp-json\/wp\/v2\/media?parent=540911"}],"wp:term":[{"taxonomy":"category","embeddable":true,"href":"https:\/\/www.europesays.com\/fr\/wp-json\/wp\/v2\/categories?post=540911"},{"taxonomy":"post_tag","embeddable":true,"href":"https:\/\/www.europesays.com\/fr\/wp-json\/wp\/v2\/tags?post=540911"}],"curies":[{"name":"wp","href":"https:\/\/api.w.org\/{rel}","templated":true}]}}