{"id":54093,"date":"2025-04-26T09:57:10","date_gmt":"2025-04-26T09:57:10","guid":{"rendered":"https:\/\/www.europesays.com\/fr\/54093\/"},"modified":"2025-04-26T09:57:10","modified_gmt":"2025-04-26T09:57:10","slug":"vers-la-creation-dune-premiere-foret-cineraire-en-ile-de-france","status":"publish","type":"post","link":"https:\/\/www.europesays.com\/fr\/54093\/","title":{"rendered":"vers la cr\u00e9ation d&rsquo;une premi\u00e8re for\u00eat cin\u00e9raire en Ile-de-France\u00a0?"},"content":{"rendered":"<p>            Par<br \/>\n        <strong><br \/>\n            <a href=\"https:\/\/actu.fr\/auteur\/julien-vancaeyseele\" title=\"Consulter tous les articles de Julien Van Caeyseele\" rel=\"nofollow noopener\" target=\"_blank\">Julien Van Caeyseele<\/a><br \/>\n        <\/strong><\/p>\n<p>        Publi\u00e9 le<\/p>\n<p>            26 avr. 2025 \u00e0 7h00        <\/p>\n<p>Alors que les places commencent \u00e0 manquer au cimeti\u00e8re d\u2019Avon, les \u00e9lus veulent proposer une nouvelle offre d\u2019inhumation\u2026 Lors du conseil municipal du mardi 8 avril, les \u00e9lus <a href=\"https:\/\/actu.fr\/ile-de-france\/avon_77014\" rel=\"nofollow noopener\" target=\"_blank\">d\u2019Avon<\/a> (<b>Seine-et-Marne<\/b>) ont valid\u00e9 le <a href=\"https:\/\/actu.fr\/ile-de-france\/avon_77014\/unique-en-ile-de-france-une-foret-cineraire-en-projet-en-seine-et-marne_61820273.html\" rel=\"nofollow noopener\" target=\"_blank\">principe de cr\u00e9ation d\u2019une for\u00eat cin\u00e9raire<\/a>,<b> au bois des Carme<\/b>s, qui s\u2019appellera le Bois du souvenir. Ce site d\u2019inhumation isol\u00e9 permettrait d\u2019accueillir les <b>cendres de personnes d\u00e9c\u00e9d\u00e9es<\/b>, apr\u00e8s cr\u00e9mation, et de les<b> inhumer au pied des arbres.<\/b><\/p>\n<p>Les \u00e9lus d\u2019Avon ont act\u00e9 les contours de la for\u00eat cin\u00e9raire<\/p>\n<p class=\" wall-content\">\u00ab Il s\u2019agit d\u2019une pratique qui est plus d\u00e9velopp\u00e9e en Allemagne, mais qui commence \u00e0 voir le jour en France, d\u00e9taille Anne-Sophie Gu\u00e9rin, conseill\u00e8re municipale en charge de la Transition \u00e9cologique, \u00e0 l\u2019origine de ce projet. C\u2019est une mani\u00e8re de vivre le deuil diff\u00e9remment en proposant un lieu de recueillement dans la nature. \u00bb<\/p>\n<p class=\" wall-content\">Selon la mairie, la parcelle de 2 000\u00a0m2 identifi\u00e9e au bois des Carmes, proche de la piste cyclable et donc facilement accessible, permettra u<b>ne exp\u00e9rimentation du concept <\/b>et de voir si les habitants montrent un int\u00e9r\u00eat pour ce <b>nouveau mode d\u2019inhumation.<\/b><\/p>\n<p class=\" wall-content\">\u00ab Ce bois du souvenir permettrait aussi de proposer des fun\u00e9railles plus \u00e9cologiques et cela nous paraissait pertinent puisque le cimeti\u00e8re d\u2019Avon est d\u00e9j\u00e0 \u00e0 l\u2019\u00e9troit \u00bb, poursuit-elle. Une quarantaine d\u2019arbres ont \u00e9t\u00e9 identifi\u00e9s pour potentiellement accueillir ces urnes non-biod\u00e9gradables.<\/p>\n<p class=\" wall-content\">\u00ab Les arbres seront num\u00e9rot\u00e9s avec des pav\u00e9s en gr\u00e8s et une signal\u00e9tique discr\u00e8te permettra d\u2019orienter les gens vers cet espace \u00bb, poursuit <a href=\"https:\/\/actu.fr\/ile-de-france\/avon_77014\/jirai-jardiner-chez-vous-foret-cineraire-les-priorites-du-nouvel-elu-a-la-transition-ecologique-davon_62388525.html\" rel=\"nofollow noopener\" target=\"_blank\">Michel Dannequin, adjoint \u00e0 la maire d\u2019Avon<\/a>. C\u00f4t\u00e9 tarifs, la municipalit\u00e9 a approuv\u00e9 les tarifs de concession : 300\u00a0euros pour un emplacement sur 15\u00a0ans et 600\u00a0euros pour 30\u00a0ans.<\/p>\n<p>Des urnes non-biod\u00e9gradables pour contourner la difficult\u00e9 ?<\/p>\n<p>En 2022, une s\u00e9natrice du Bas-Rhin avait interrog\u00e9 le gouvernement sur la l\u00e9gislation des for\u00eats cin\u00e9raires. \u00c0 l&rsquo;\u00e9poque, la secr\u00e9taire d&rsquo;\u00c9tat avait rappel\u00e9 que ces projets \u00ab constituent des sites cin\u00e9raires dits isol\u00e9s dont la cr\u00e9ation et la gestion reviennent aux communes. \u00bb Toutefois la secr\u00e9taire d&rsquo;\u00c9tat avait \u00e9voqu\u00e9 une impossibilit\u00e9 de le mettre en \u0153uvre, \u00ab car incompatible avec le droit fun\u00e9raire en vigueur \u00bb. En effet, en l&rsquo;\u00e9tat, il est interdit de faire payer pour la dispersion des cendres dans l&rsquo;espace public. L&rsquo;utilisation d&rsquo;urnes non-biod\u00e9gradables mais en mati\u00e8res naturelles \u00e0 Avon, comme c&rsquo;est le cas \u00e0 Muttersholtz (Bas-Rhin) pourrait ainsi permettre de contourner la difficult\u00e9. \u00c0 l&rsquo;\u00e9poque, le Gouvernement avait assur\u00e9 \u00eatre attentif \u00e0 cette situation, \u00ab dans le respect du droit en vigueur et en veillant \u00e0 la protection des int\u00e9r\u00eats des familles et de la dignit\u00e9 des d\u00e9funts \u00bb, voyant dans ces sites \u00ab une esth\u00e9tique et un fonctionnement plus \u00e9cologiques que les cimeti\u00e8res et les sites cin\u00e9raires traditionnels. \u00bb<\/p>\n<p class=\" wall-content\">\u00ab Beaucoup de citoyens plaident pour un retour \u00e0 la nature, il y a aussi un aspect romantique de participer au cycle de la nature, estime <b>Marie-Charlotte Nouhaud<\/b>. Toutefois, en France, les urnes ne peuvent pas \u00eatre biod\u00e9gradables pour r\u00e9pondre au droit fun\u00e9raire (les urnes doivent pouvoir \u00eatre exhum\u00e9es, ndlr). \u00bb<\/p>\n<p>Des v\u00e9rifications en cours \u00e0 la pr\u00e9fecture de Seine-et-Marne<\/p>\n<p class=\" wall-content\">Dans les rangs de l\u2019opposition, Yann Moreau a salu\u00e9 une id\u00e9e \u00ab qui r\u00e9pond \u00e0 une vraie demande, mais je regrette qu\u2019il n\u2019y ait pas d\u2019\u00e9tude environnementale pour voir le potentiel impact. \u00bb L\u2019\u00e9lu minoritaire a par ailleurs<b> incit\u00e9 \u00e0 la prudence<\/b> : \u00ab Il faut faire attention aux aspects juridiques, car le sujet est tr\u00e8s born\u00e9 et il est n\u00e9cessaire de prendre des pr\u00e9cautions pour que ce projet voit le jour \u00bb.<\/p>\n<p class=\" wall-content\">Contact\u00e9,<b> Thierry Mailles<\/b>, le sous-pr\u00e9fet de Fontainebleau confirme : \u00ab Sur le papier c\u2019est une jolie id\u00e9e, mais qui demande des v\u00e9rifications juridiques pour se conformer au droit fun\u00e9raire, pr\u00e9cise-t-il. Des d\u00e9rogations ont d\u00e9j\u00e0 \u00e9t\u00e9 accord\u00e9es \u00e0 la marge en France, mais il faut voir si le site d\u2019Avon le permet \u00e9galement puisque la zone est par ailleurs class\u00e9e en zone Natura 2000. \u00bb<\/p>\n<p class=\" wall-content\">Suivez toute l\u2019actualit\u00e9 de vos villes et m\u00e9dias favoris en vous inscrivant \u00e0 <a href=\"https:\/\/moncompte.actu.fr\" title=\"D\u00e9couvez Mon Actu\" rel=\"nofollow noopener\" data-trk=\"{&quot;cta&quot;:{&quot;action&quot;:&quot;https:\\\/\\\/moncompte.actu.fr&quot;,&quot;category&quot;:&quot;mon compte&quot;,&quot;from&quot;:&quot;article footer&quot;,&quot;name&quot;:&quot;Mon actu&quot;,&quot;type&quot;:&quot;cta&quot;}}\" target=\"_blank\">Mon Actu<\/a>.<\/p>\n","protected":false},"excerpt":{"rendered":"Par Julien Van Caeyseele Publi\u00e9 le 26 avr. 2025 \u00e0 7h00 Alors que les places commencent \u00e0 manquer&hellip;\n","protected":false},"author":2,"featured_media":54094,"comment_status":"","ping_status":"","sticky":false,"template":"","format":"standard","meta":{"footnotes":""},"categories":[1592],"tags":[1111,11,1777,674,1011,27,662,1757,12,626,25,104],"class_list":{"0":"post-54093","1":"post","2":"type-post","3":"status-publish","4":"format-standard","5":"has-post-thumbnail","7":"category-ile-de-france","8":"tag-actu","9":"tag-actualites","10":"tag-eu","11":"tag-europe","12":"tag-fr","13":"tag-france","14":"tag-ile-de-france","15":"tag-insolite","16":"tag-news","17":"tag-paris","18":"tag-republique-francaise","19":"tag-societe"},"share_on_mastodon":{"url":"https:\/\/pubeurope.com\/@fr\/114403674969263824","error":""},"_links":{"self":[{"href":"https:\/\/www.europesays.com\/fr\/wp-json\/wp\/v2\/posts\/54093","targetHints":{"allow":["GET"]}}],"collection":[{"href":"https:\/\/www.europesays.com\/fr\/wp-json\/wp\/v2\/posts"}],"about":[{"href":"https:\/\/www.europesays.com\/fr\/wp-json\/wp\/v2\/types\/post"}],"author":[{"embeddable":true,"href":"https:\/\/www.europesays.com\/fr\/wp-json\/wp\/v2\/users\/2"}],"replies":[{"embeddable":true,"href":"https:\/\/www.europesays.com\/fr\/wp-json\/wp\/v2\/comments?post=54093"}],"version-history":[{"count":0,"href":"https:\/\/www.europesays.com\/fr\/wp-json\/wp\/v2\/posts\/54093\/revisions"}],"wp:featuredmedia":[{"embeddable":true,"href":"https:\/\/www.europesays.com\/fr\/wp-json\/wp\/v2\/media\/54094"}],"wp:attachment":[{"href":"https:\/\/www.europesays.com\/fr\/wp-json\/wp\/v2\/media?parent=54093"}],"wp:term":[{"taxonomy":"category","embeddable":true,"href":"https:\/\/www.europesays.com\/fr\/wp-json\/wp\/v2\/categories?post=54093"},{"taxonomy":"post_tag","embeddable":true,"href":"https:\/\/www.europesays.com\/fr\/wp-json\/wp\/v2\/tags?post=54093"}],"curies":[{"name":"wp","href":"https:\/\/api.w.org\/{rel}","templated":true}]}}