{"id":540942,"date":"2025-11-17T20:00:14","date_gmt":"2025-11-17T20:00:14","guid":{"rendered":"https:\/\/www.europesays.com\/fr\/540942\/"},"modified":"2025-11-17T20:00:14","modified_gmt":"2025-11-17T20:00:14","slug":"lunion-europeenne-prise-pour-cible-pour-sa-taxe-carbone","status":"publish","type":"post","link":"https:\/\/www.europesays.com\/fr\/540942\/","title":{"rendered":"l\u2019Union europ\u00e9enne prise pour cible pour sa taxe carbone"},"content":{"rendered":"<p>\n    <strong>FOCUS &#8211; <\/strong>La tarification du carbone aux fronti\u00e8res \u00abest une mesure que nous devons mettre en \u0153uvre avec le plus grand nombre possible, et le plus rapidement possible\u00bb, s\u2019est d\u00e9fendu Wopke Hoekstra, commissaire europ\u00e9en au climat.<\/p>\n<p class=\"fig-paragraph\">La\u00a0<a href=\"http:\/\/www.lefigaro.fr\/sciences\/cop30-a-belem-la-bataille-contre-les-energies-fossiles-se-prepare-20251114\" target=\"_blank\" data-fig-type=\"Article\" rel=\"noopener\" data-gtm-custom-categorie=\"navigation\" data-gtm-custom-action=\"crossclick\" data-gtm-custom-label=\"Contextuel\" data-gtm-event=\"customEventSPE\" data-fig-domain=\"LEFIGARO\">COP30 sur le climat<\/a>\u00a0n\u2019est pas une r\u00e9union de l\u2019Organisation mondiale du commerce (OMC), laisse entendre l\u2019Union europ\u00e9enne. \u00c0 l\u2019heure o\u00f9 elle fait pression pour la mise en place d\u2019une feuille de route sur la sortie progressive des \u00e9nergies fossiles (engagement\u00a0<a href=\"http:\/\/www.lefigaro.fr\/sciences\/cop28-les-points-cles-de-l-accord-historique-adopte-a-dubai-20231213\" target=\"_blank\" data-fig-type=\"Article\" rel=\"noopener\" data-gtm-custom-categorie=\"navigation\" data-gtm-custom-action=\"crossclick\" data-gtm-custom-label=\"Contextuel\" data-gtm-event=\"customEventSPE\" data-fig-domain=\"LEFIGARO\">act\u00e9 il y a deux ans \u00e0 Duba\u00ef\u00a0<\/a>mais que certains pr\u00e9f\u00e9reraient passer sous silence), l\u2019Union europ\u00e9enne est attaqu\u00e9e \u00e0 Bel\u00e9m sur son march\u00e9 carbone aux fronti\u00e8res.<\/p>\n<p class=\"fig-paragraph\">Dimanche soir, le pr\u00e9sident de la COP, Andr\u00e9 Correa do Lago, a publi\u00e9 une \u00abnote\u00bb de mise au point sur l\u2019avancement des n\u00e9gociations depuis lundi 10 novembre, en faisant notamment ressortir les quatre plus gros points de tensions. Parmi eux, l\u2019\u00e9pineux sujet des mesures \u00ab unilat\u00e9rales\u00a0\u00bb en mati\u00e8re de commerce, comme<a href=\"http:\/\/www.lefigaro.fr\/societes\/la-taxe-carbone-aux-frontieres-de-l-europe-indispensable-mais-a-reformer-20241210\" target=\"_blank\" data-fig-type=\"Article\" rel=\"noopener\" data-gtm-custom-categorie=\"navigation\" data-gtm-custom-action=\"crossclick\" data-gtm-custom-label=\"Contextuel\" data-gtm-event=\"customEventSPE\" data-fig-domain=\"LEFIGARO\">\u00a0la taxe carbone europ\u00e9enne aux fronti\u00e8res<\/a>.<\/p>\n<p>                                    <a class=\"fig-a11y-skip a11y-hidden\" href=\"#fig-a11y-skip-main-inarticle\"><br \/>\n        Passer la publicit\u00e9<br \/>\n    <\/a><\/p>\n<p class=\"fig-paragraph\">L\u2019UE doit en effet imposer d\u00e8s janvier un \u00abm\u00e9canisme d\u2019ajustement carbone\u00bb aux fronti\u00e8res (CBAM en anglais) visant les secteurs les plus polluants comme l\u2019acier, l\u2019aluminium, le ciment, les engrais, l\u2019\u00e9lectricit\u00e9 et l\u2019hydrog\u00e8ne. L\u2019id\u00e9e \u00e9tant d\u2019imposer aux importations \u00e0 l\u2019int\u00e9rieur de l\u2019UE un prix du carbone similaire \u00e0 celui en vigueur en Europe, o\u00f9 les entreprises doivent d\u00e9j\u00e0 payer pour polluer.<\/p>\n<p>\u00abOn a du mal \u00e0 comprendre cette cristallisation\u00bb<\/p>\n<p class=\"fig-paragraph\">Or depuis le d\u00e9but de la COP br\u00e9silienne, plusieurs pays dont la Chine ou l\u2019Inde veulent \u00e0 tout prix mettre ce sujet sur la table, consid\u00e9rant cette taxe comme du protectionnisme qui ne dit pas son nom. \u00abLa tarification du carbone est une mesure que nous devons mettre en \u0153uvre avec le plus grand nombre possible, et le plus rapidement possible\u00bb, a r\u00e9agi lundi<a href=\"http:\/\/www.lefigaro.fr\/sciences\/wopke-hoekstra-commissaire-europeen-au-climat-le-nucleaire-fait-partie-de-la-solution-20250620\" target=\"_blank\" data-fig-type=\"Article\" rel=\"noopener\" data-gtm-custom-categorie=\"navigation\" data-gtm-custom-action=\"crossclick\" data-gtm-custom-label=\"Contextuel\" data-gtm-event=\"customEventSPE\" data-fig-domain=\"LEFIGARO\">\u00a0Wopke Hoekstra, commissaire europ\u00e9en au climat<\/a>, refusant toute discussion qui remettrait en question ce m\u00e9canisme. Selon lui, plusieurs pays comme le Br\u00e9sil envisagent d\u2019ailleurs de faire la m\u00eame chose.<\/p>\n<p class=\"fig-paragraph\">\u00abOn a du mal \u00e0 comprendre cette cristallisation autour du [CBAM] qui est un instrument compatible avec les r\u00e8gles de l\u2019Organisation mondiale du commerce\u00bb, indique-t-on au sein de la d\u00e9l\u00e9gation fran\u00e7aise. Mais \u00absi l\u2019UE se dit pr\u00eate \u00e0 expliquer ce m\u00e9canisme \u00e0 ses partenaires, voire \u00e0 discuter de comment les accompagner pour partager la technologie\u00bb pour une transition verte, l\u00e0 encore, hors de question de revenir dessus. \u00abCar si \u00e0 la fin les mesures prises conduisent \u00e0 fermer les usines en Europe pour ensuite les ouvrir avec le m\u00eame niveau de pollution ailleurs, le climat a perdu\u00bb, ajoute cette m\u00eame source&#8230; qui souligne d\u2019ailleurs que \u00abd\u2019autres questions se posent sur les m\u00e9canismes commerciaux qui bloquent ou ralentissent la transition: et par exemple, est-ce qu\u2019un march\u00e9 plus ouvert\u00a0<a href=\"http:\/\/www.lefigaro.fr\/flash-eco\/la-france-et-l-argentine-signent-un-accord-cadre-sur-les-minerais-critiques-20250628\" target=\"_blank\" data-fig-type=\"NewsFlash\" rel=\"noopener\" data-gtm-custom-categorie=\"navigation\" data-gtm-custom-action=\"crossclick\" data-gtm-custom-label=\"Contextuel\" data-gtm-event=\"customEventSPE\" data-fig-domain=\"LEFIGARO\">des minerais critiques<\/a> \u00a0ne serait pas plus efficace pour d\u00e9velopper une transition s\u2019\u00e9loignant des \u00e9nergies fossiles? Cela fait partie des sujets qui sont l\u00e9gitimes.\u00bb<\/p>\n<p class=\"fig-paragraph\">Une r\u00e9union bilat\u00e9rale entre la Chine et l\u2019UE devait se tenir dans la journ\u00e9e. Il reste en th\u00e9orie jusqu\u2019\u00e0 vendredi soir aux ministres, qui arrivent cette semaine, pour trouver une issue \u00e0 ces n\u00e9gociations encore tr\u00e8s polaris\u00e9es.<\/p>\n","protected":false},"excerpt":{"rendered":"FOCUS &#8211; La tarification du carbone aux fronti\u00e8res \u00abest une mesure que nous devons mettre en \u0153uvre avec&hellip;\n","protected":false},"author":2,"featured_media":540943,"comment_status":"","ping_status":"","sticky":false,"template":"","format":"standard","meta":{"footnotes":""},"categories":[1586],"tags":[11,1129,63463,1777,674,1779,1011,27,12,25,1778,364],"class_list":{"0":"post-540942","1":"post","2":"type-post","3":"status-publish","4":"format-standard","5":"has-post-thumbnail","7":"category-europe","8":"tag-actualites","9":"tag-climat","10":"tag-cop-30","11":"tag-eu","12":"tag-europe","13":"tag-european-union","14":"tag-fr","15":"tag-france","16":"tag-news","17":"tag-republique-francaise","18":"tag-ue","19":"tag-union-europeenne"},"share_on_mastodon":{"url":"https:\/\/pubeurope.com\/@fr\/115566819686923496","error":""},"_links":{"self":[{"href":"https:\/\/www.europesays.com\/fr\/wp-json\/wp\/v2\/posts\/540942","targetHints":{"allow":["GET"]}}],"collection":[{"href":"https:\/\/www.europesays.com\/fr\/wp-json\/wp\/v2\/posts"}],"about":[{"href":"https:\/\/www.europesays.com\/fr\/wp-json\/wp\/v2\/types\/post"}],"author":[{"embeddable":true,"href":"https:\/\/www.europesays.com\/fr\/wp-json\/wp\/v2\/users\/2"}],"replies":[{"embeddable":true,"href":"https:\/\/www.europesays.com\/fr\/wp-json\/wp\/v2\/comments?post=540942"}],"version-history":[{"count":0,"href":"https:\/\/www.europesays.com\/fr\/wp-json\/wp\/v2\/posts\/540942\/revisions"}],"wp:featuredmedia":[{"embeddable":true,"href":"https:\/\/www.europesays.com\/fr\/wp-json\/wp\/v2\/media\/540943"}],"wp:attachment":[{"href":"https:\/\/www.europesays.com\/fr\/wp-json\/wp\/v2\/media?parent=540942"}],"wp:term":[{"taxonomy":"category","embeddable":true,"href":"https:\/\/www.europesays.com\/fr\/wp-json\/wp\/v2\/categories?post=540942"},{"taxonomy":"post_tag","embeddable":true,"href":"https:\/\/www.europesays.com\/fr\/wp-json\/wp\/v2\/tags?post=540942"}],"curies":[{"name":"wp","href":"https:\/\/api.w.org\/{rel}","templated":true}]}}