{"id":54095,"date":"2025-04-26T09:58:09","date_gmt":"2025-04-26T09:58:09","guid":{"rendered":"https:\/\/www.europesays.com\/fr\/54095\/"},"modified":"2025-04-26T09:58:09","modified_gmt":"2025-04-26T09:58:09","slug":"pas-de-calais-ce-spectacle-exceptionnel-debarque-pour-la-premiere-fois-sur-la-cote-dopale","status":"publish","type":"post","link":"https:\/\/www.europesays.com\/fr\/54095\/","title":{"rendered":"Pas-de-Calais. Ce spectacle exceptionnel d\u00e9barque pour la premi\u00e8re fois sur la C\u00f4te d&rsquo;Opale"},"content":{"rendered":"<p>            Par<br \/>\n        <strong><br \/>\n            <a href=\"https:\/\/actu.fr\/auteur\/florian-brassart\" title=\"Consulter tous les articles de Florian Brassart\" rel=\"nofollow noopener\" target=\"_blank\">Florian Brassart<\/a><br \/>\n        <\/strong><\/p>\n<p>        Publi\u00e9 le<\/p>\n<p>            26 avr. 2025 \u00e0 11h50        <\/p>\n<p>C\u2019est un rendez-vous \u00e0 ne manquer sous aucun pr\u00e9texte\u2009! Du vendredi\u00a023 au dimanche 25\u00a0mai 2025, la <a href=\"https:\/\/actu.fr\/hauts-de-france\/calais_62193\/pas-de-calais-un-nouveau-festival-incontournable-et-gratuit-debarque-sur-la-cote-dopale_62540437.html\" rel=\"nofollow noopener\" target=\"_blank\">C\u00f4te d\u2019Opale<\/a> du <a href=\"https:\/\/actu.fr\/pas-de-calais\/\" rel=\"nofollow noopener\" target=\"_blank\">Pas-de-Calais<\/a><b> va<\/b> <b>accueillir pour la premi\u00e8re fois le spectacle exceptionnel du<\/b> <b>Cadre noir de Saumur<\/b>, symbole de l\u2019excellence \u00e9questre fran\u00e7aise. On vous en dit plus.<\/p>\n<p>Trois galas du 23 au 25\u00a0mai au Touquet<\/p>\n<p class=\" wall-content\">Le Cadre noir de Saumur sera \u00e0 l\u2019honneur cette ann\u00e9e au <a href=\"https:\/\/actu.fr\/hauts-de-france\/le-touquet-paris-plage_62826\" rel=\"nofollow noopener\" target=\"_blank\">Touquet-Paris-Plage<\/a> pour un \u00e9v\u00e9nement d\u2019exception, mettant en lumi\u00e8re l\u2019\u00e9quitation de tradition, inscrite au patrimoine mondial de l\u2019Unesco depuis 2011, \u00e0 travers des performances in\u00e9dites.<\/p>\n<p class=\" wall-content\">Pour rappel, le Cadre noir de Saumur \u00e9tait de tradition napol\u00e9onienne, puis militaire et d\u00e9sormais sportive et \u00e9ducative. Les \u00e9cuyers forment les cadres sup\u00e9rieurs de l\u2019\u00e9quitation. Ils sont des comp\u00e9titeurs sportifs mais aussi les plus fid\u00e8les ambassadeurs de l\u2019\u00e9quitation de tradition fran\u00e7aise.<\/p>\n<p class=\" wall-content\">Du 23 au 25\u00a0mai, les c\u00e9l\u00e8bres \u00e9cuyers offriront<b> trois galas exceptionnels<\/b> en plein c\u0153ur de la baie de Canche. \u00ab\u2009Ces prestations, alliant \u00e9l\u00e9gance, ma\u00eetrise et harmonie entre l\u2019homme et le cheval, viendront sublimer le cadre unique du parc \u00e9questre du Touquet. Un rendez-vous immanquable pour les passionn\u00e9s d\u2019\u00e9quitation et les curieux\u2009\u00bb, assurent les organisateurs.\u00a0En parall\u00e8le des galas, <b>le Village du Cadre noir<\/b> proposera une immersion totale dans l\u2019univers \u00e9questre, avec de nombreuses animations et activit\u00e9s pour petits et grands, ainsi que des exposants sp\u00e9cialis\u00e9s.<\/p>\n<p class=\" wall-content\">Un moment magique \u00e0 ne pas manquer pour c\u00e9l\u00e9brer deux si\u00e8cles de tradition, de passion et de partage\u2009!<\/p>\n<p>Vid\u00e9os : en ce moment sur ActuInfos et r\u00e9servations en cliquant <a href=\"https:\/\/www.50prod.fr\/\" rel=\"nofollow noopener\" target=\"_blank\">ici<\/a>.<\/p>\n<p class=\" wall-content\">Suivez toute l\u2019actualit\u00e9 de vos villes et m\u00e9dias favoris en vous inscrivant \u00e0 <a href=\"https:\/\/moncompte.actu.fr\" title=\"D\u00e9couvez Mon Actu\" rel=\"nofollow noopener\" data-trk=\"{&quot;cta&quot;:{&quot;action&quot;:&quot;https:\\\/\\\/moncompte.actu.fr&quot;,&quot;category&quot;:&quot;mon compte&quot;,&quot;from&quot;:&quot;article footer&quot;,&quot;name&quot;:&quot;Mon actu&quot;,&quot;type&quot;:&quot;cta&quot;}}\" target=\"_blank\">Mon Actu<\/a>.<\/p>\n","protected":false},"excerpt":{"rendered":"Par Florian Brassart Publi\u00e9 le 26 avr. 2025 \u00e0 11h50 C\u2019est un rendez-vous \u00e0 ne manquer sous aucun&hellip;\n","protected":false},"author":2,"featured_media":54096,"comment_status":"","ping_status":"","sticky":false,"template":"","format":"standard","meta":{"footnotes":""},"categories":[1888],"tags":[1111,1928,11,1927,10869,1777,674,1011,27,1652,12,1926,626,1925,25],"class_list":{"0":"post-54095","1":"post","2":"type-post","3":"status-publish","4":"format-standard","5":"has-post-thumbnail","7":"category-paris","8":"tag-actu","9":"tag-actu-paris","10":"tag-actualites","11":"tag-actualites-paris","12":"tag-equitation","13":"tag-eu","14":"tag-europe","15":"tag-fr","16":"tag-france","17":"tag-loisirs-culture","18":"tag-news","19":"tag-news-paris","20":"tag-paris","21":"tag-paris-news","22":"tag-republique-francaise"},"share_on_mastodon":{"url":"https:\/\/pubeurope.com\/@fr\/114403678900729527","error":""},"_links":{"self":[{"href":"https:\/\/www.europesays.com\/fr\/wp-json\/wp\/v2\/posts\/54095","targetHints":{"allow":["GET"]}}],"collection":[{"href":"https:\/\/www.europesays.com\/fr\/wp-json\/wp\/v2\/posts"}],"about":[{"href":"https:\/\/www.europesays.com\/fr\/wp-json\/wp\/v2\/types\/post"}],"author":[{"embeddable":true,"href":"https:\/\/www.europesays.com\/fr\/wp-json\/wp\/v2\/users\/2"}],"replies":[{"embeddable":true,"href":"https:\/\/www.europesays.com\/fr\/wp-json\/wp\/v2\/comments?post=54095"}],"version-history":[{"count":0,"href":"https:\/\/www.europesays.com\/fr\/wp-json\/wp\/v2\/posts\/54095\/revisions"}],"wp:featuredmedia":[{"embeddable":true,"href":"https:\/\/www.europesays.com\/fr\/wp-json\/wp\/v2\/media\/54096"}],"wp:attachment":[{"href":"https:\/\/www.europesays.com\/fr\/wp-json\/wp\/v2\/media?parent=54095"}],"wp:term":[{"taxonomy":"category","embeddable":true,"href":"https:\/\/www.europesays.com\/fr\/wp-json\/wp\/v2\/categories?post=54095"},{"taxonomy":"post_tag","embeddable":true,"href":"https:\/\/www.europesays.com\/fr\/wp-json\/wp\/v2\/tags?post=54095"}],"curies":[{"name":"wp","href":"https:\/\/api.w.org\/{rel}","templated":true}]}}