{"id":540950,"date":"2025-11-17T20:06:11","date_gmt":"2025-11-17T20:06:11","guid":{"rendered":"https:\/\/www.europesays.com\/fr\/540950\/"},"modified":"2025-11-17T20:06:11","modified_gmt":"2025-11-17T20:06:11","slug":"on-sait-pourquoi-antoine-dupont-ne-jouera-finalement-pas-contre-montauban","status":"publish","type":"post","link":"https:\/\/www.europesays.com\/fr\/540950\/","title":{"rendered":"On sait pourquoi Antoine Dupont ne jouera finalement pas contre Montauban !"},"content":{"rendered":"<p>Bonne nouvelle pour Toulouse : <strong>Antoine Dupont est quasiment pr\u00eat \u00e0 rejouer<\/strong>. Le capitaine des Rouge et Noir, \u00e9loign\u00e9 des terrains depuis plus de huit mois apr\u00e8s une rupture des ligaments crois\u00e9s, a particip\u00e9 <strong>\u00e0 100%<\/strong> \u00e0 l\u2019entra\u00eenement du jour.<\/p>\n<p>De quoi laisser penser que son retour en Top 14 n\u2019est plus qu\u2019une question de jours.<\/p>\n<p><strong>\u25aa\ufe0f Dupont \u00e0 l\u2019entra\u00eenement\u2026 m\u00eame en n\u00b010<\/strong><\/p>\n<p>Le demi de m\u00eal\u00e9e a d\u2019abord travaill\u00e9 \u00e0 son poste habituel, avant de glisser avec le groupe des rempla\u00e7ants potentiels\u2026 au poste d\u2019ouvreur. Une fa\u00e7on pour le staff de tester diff\u00e9rentes options, alors que l\u2019effectif est amput\u00e9 de nombreux internationaux.<\/p>\n<p>Dupont ne devrait toutefois <strong>pas rejouer \u00e0 Montauban samedi<\/strong>, la rencontre se d\u00e9roulant sur pelouse synth\u00e9tique. Le staff veut \u00e9viter le moindre risque avec le num\u00e9ro 9. Son retour pourrait plut\u00f4t intervenir <strong>la semaine suivante contre le Racing 92.<\/strong><\/p>\n<p>Le champion olympique de rugby \u00e0 VII avait d\u00e9j\u00e0 repris un rythme \u00e9lev\u00e9 \u00e0 Marcoussis, o\u00f9 il avait pass\u00e9 une semaine avec le XV de France avant la d\u00e9faite contre l\u2019Afrique du Sud.<\/p>\n<p><strong>\u25aa\ufe0f Un d\u00e9placement pi\u00e9geux \u00e0 Montauban<\/strong><\/p>\n<p>Leader du Top 14 (29 pts), Toulouse se d\u00e9place samedi \u00e0 Sapiac pour affronter Montauban, promu et 13e (7 pts). Une rencontre \u00e0 g\u00e9rer avec un effectif remani\u00e9\u2026 mais avec la bonne nouvelle d\u2019un <strong>Dupont tr\u00e8s proche du retour<\/strong>.<\/p>\n","protected":false},"excerpt":{"rendered":"Bonne nouvelle pour Toulouse : Antoine Dupont est quasiment pr\u00eat \u00e0 rejouer. Le capitaine des Rouge et Noir,&hellip;\n","protected":false},"author":2,"featured_media":540951,"comment_status":"","ping_status":"","sticky":false,"template":"","format":"standard","meta":{"footnotes":""},"categories":[1416],"tags":[1011,27,479,1468,60],"class_list":{"0":"post-540950","1":"post","2":"type-post","3":"status-publish","4":"format-standard","5":"has-post-thumbnail","7":"category-rugby","8":"tag-fr","9":"tag-france","10":"tag-rugby","11":"tag-rugby-football","12":"tag-sports"},"share_on_mastodon":{"url":"https:\/\/pubeurope.com\/@fr\/115566843327530681","error":""},"_links":{"self":[{"href":"https:\/\/www.europesays.com\/fr\/wp-json\/wp\/v2\/posts\/540950","targetHints":{"allow":["GET"]}}],"collection":[{"href":"https:\/\/www.europesays.com\/fr\/wp-json\/wp\/v2\/posts"}],"about":[{"href":"https:\/\/www.europesays.com\/fr\/wp-json\/wp\/v2\/types\/post"}],"author":[{"embeddable":true,"href":"https:\/\/www.europesays.com\/fr\/wp-json\/wp\/v2\/users\/2"}],"replies":[{"embeddable":true,"href":"https:\/\/www.europesays.com\/fr\/wp-json\/wp\/v2\/comments?post=540950"}],"version-history":[{"count":0,"href":"https:\/\/www.europesays.com\/fr\/wp-json\/wp\/v2\/posts\/540950\/revisions"}],"wp:featuredmedia":[{"embeddable":true,"href":"https:\/\/www.europesays.com\/fr\/wp-json\/wp\/v2\/media\/540951"}],"wp:attachment":[{"href":"https:\/\/www.europesays.com\/fr\/wp-json\/wp\/v2\/media?parent=540950"}],"wp:term":[{"taxonomy":"category","embeddable":true,"href":"https:\/\/www.europesays.com\/fr\/wp-json\/wp\/v2\/categories?post=540950"},{"taxonomy":"post_tag","embeddable":true,"href":"https:\/\/www.europesays.com\/fr\/wp-json\/wp\/v2\/tags?post=540950"}],"curies":[{"name":"wp","href":"https:\/\/api.w.org\/{rel}","templated":true}]}}