{"id":540952,"date":"2025-11-17T20:07:13","date_gmt":"2025-11-17T20:07:13","guid":{"rendered":"https:\/\/www.europesays.com\/fr\/540952\/"},"modified":"2025-11-17T20:07:13","modified_gmt":"2025-11-17T20:07:13","slug":"giudicelli-ancien-president-de-la-fft-revele-lelement-declencheur-de-la-reforme-de-la-coupe-davis","status":"publish","type":"post","link":"https:\/\/www.europesays.com\/fr\/540952\/","title":{"rendered":"Giudicelli, ancien pr\u00e9sident de la FFT, r\u00e9v\u00e8le l\u2019\u00e9l\u00e9ment d\u00e9clencheur de la r\u00e9forme de la Coupe Davis"},"content":{"rendered":"<p>                <img decoding=\"async\" src=\"https:\/\/www.europesays.com\/fr\/wp-content\/uploads\/2025\/11\/e81E.jpg\" fetchpriority=\"high\" alt=\"\u00ab En 2017, les audiences \u00e9taient catastrophiques \u00bb : Giudicelli, ancien pr\u00e9sident de la FFT, r\u00e9v\u00e8le l\u2019\u00e9l\u00e9ment d\u00e9clencheur de la r\u00e9forme de la Coupe Davis\"\/><\/p>\n<p>Longtemps silencieux, Bernard Giudicelli sort de l\u2019ombre \u00e0 la veille de France\u2013Belgique. L\u2019ancien pr\u00e9sident de la FFT revient frontalement sur la pol\u00e9mique de la r\u00e9forme de la Coupe Davis, \u00e9voquant des audiences en chute libre, la pression des sponsors et des d\u00e9cisions prises \u00ab pour \u00e9viter le naufrage \u00bb.<\/p>\n<p>Pr\u00e9sident de la F\u00e9d\u00e9ration fran\u00e7aise de tennis (FFT) de 2017 \u00e0 2021, Bernard Giudicelli se fait depuis discret dans la sph\u00e8re m\u00e9diatique. L\u2019ancien dirigeant du tennis fran\u00e7ais avait v\u00e9cu un mandat compliqu\u00e9, \u00e9tant consid\u00e9r\u00e9 comme l\u2019un des instigateurs de la r\u00e9forme de la Coupe Davis, vot\u00e9e en 2018.<\/p>\n<p>\u00c0 la veille du d\u00e9but de la phase finale \u00e0 Bologne et du quart de finale qui oppose la France \u00e0 la Belgique, Giudicelli a accord\u00e9 une interview \u00e0 Tennis Actu. Il r\u00e9pond notamment aux critiques sur le changement de format de l\u2019\u00e9preuve :<\/p>\n<p>\u00ab En 2017, les audiences \u00e9taient catastrophiques. La chute avait commenc\u00e9 d\u00e8s 2007, l\u2019arriv\u00e9e de l\u2019iPhone avait chang\u00e9 la consommation digitale. La Coupe Davis devenait confidentielle au niveau mondial.<\/p>\n<p>Le sponsor-titre de l\u2019\u00e9poque (BNP Paribas) exigeait contractuellement la pr\u00e9sence de top joueurs, quelque chose d\u2019impossible \u00e0 garantir avec des ind\u00e9pendants. Nous avons vu en Kosmos une bou\u00e9e de secours pour \u00e9viter le naufrage financier. L\u2019ITF est demeur\u00e9e propri\u00e9taire de l\u2019\u00e9preuve, la gestion a \u00e9t\u00e9 d\u00e9l\u00e9gu\u00e9e avec des garde-fous.<\/p>\n<p>Le deal n\u2019a pas abouti pour des raisons couvertes par le secret des affaires, l\u2019ITF a repris la main et l\u2019\u00e9preuve a retrouv\u00e9 de la sant\u00e9, ce que montre la participation des meilleurs. Le produit n\u2019est pas encore fini : il faut continuer \u00e0 le travailler. [&#8230;]<\/p>\n<p>(Les d\u00e9tracteurs) n\u2019ont rien compris. La Coupe Davis n\u2019a pas une \u00e2me, elle a une identit\u00e9 : un troph\u00e9e qui r\u00e9compense la meilleure nation du monde. Elle a \u00e9volu\u00e9 \u00e0 plusieurs reprises, notamment vers le professionnalisme et la cr\u00e9ation du Groupe mondial en 1991.<\/p>\n<p>Quand on est \u00e9lu \u00e0 l\u2019ITF, on agit pour l\u2019int\u00e9r\u00eat mondial, pas pour sa nation d\u2019origine. En 2018, l\u2019Assembl\u00e9e g\u00e9n\u00e9rale de l\u2019ITF \u00e0 Orlando a adopt\u00e9 la r\u00e9forme \u00e0 74 % : rien n\u2019a \u00e9t\u00e9 vendu. En France, l\u2019attachement \u00e0 certaines ambiances est fort, mais on ne pouvait pas \u00eatre \u00e9go\u00efstes. \u00bb<\/p>\n<p>L\u2019homme de 67 ans s\u2019est aussi exprim\u00e9 sur le format actuel, tout en rappelant qu\u2019un retour en arri\u00e8re est impossible :<\/p>\n<p>\u00ab Il y a des progr\u00e8s : le retour d\u2019une semaine \u00e0 domicile en septembre recr\u00e9e du lien. Mais on a perdu une semaine de calendrier, or une semaine de tennis mondial vaut tr\u00e8s cher. Id\u00e9alement, il faut r\u00e9cup\u00e9rer une quatri\u00e8me semaine et finir en Final 4 \u00e9viterait certaines programmations. Un retour \u00e0 l&rsquo;aller-retour int\u00e9gral ? Enterr\u00e9. \u00bb<\/p>\n","protected":false},"excerpt":{"rendered":"Longtemps silencieux, Bernard Giudicelli sort de l\u2019ombre \u00e0 la veille de France\u2013Belgique. L\u2019ancien pr\u00e9sident de la FFT revient&hellip;\n","protected":false},"author":2,"featured_media":540953,"comment_status":"","ping_status":"","sticky":false,"template":"","format":"standard","meta":{"footnotes":""},"categories":[1415],"tags":[1011,27,60,1467],"class_list":{"0":"post-540952","1":"post","2":"type-post","3":"status-publish","4":"format-standard","5":"has-post-thumbnail","7":"category-tennis","8":"tag-fr","9":"tag-france","10":"tag-sports","11":"tag-tennis"},"share_on_mastodon":{"url":"https:\/\/pubeurope.com\/@fr\/115566847963689176","error":""},"_links":{"self":[{"href":"https:\/\/www.europesays.com\/fr\/wp-json\/wp\/v2\/posts\/540952","targetHints":{"allow":["GET"]}}],"collection":[{"href":"https:\/\/www.europesays.com\/fr\/wp-json\/wp\/v2\/posts"}],"about":[{"href":"https:\/\/www.europesays.com\/fr\/wp-json\/wp\/v2\/types\/post"}],"author":[{"embeddable":true,"href":"https:\/\/www.europesays.com\/fr\/wp-json\/wp\/v2\/users\/2"}],"replies":[{"embeddable":true,"href":"https:\/\/www.europesays.com\/fr\/wp-json\/wp\/v2\/comments?post=540952"}],"version-history":[{"count":0,"href":"https:\/\/www.europesays.com\/fr\/wp-json\/wp\/v2\/posts\/540952\/revisions"}],"wp:featuredmedia":[{"embeddable":true,"href":"https:\/\/www.europesays.com\/fr\/wp-json\/wp\/v2\/media\/540953"}],"wp:attachment":[{"href":"https:\/\/www.europesays.com\/fr\/wp-json\/wp\/v2\/media?parent=540952"}],"wp:term":[{"taxonomy":"category","embeddable":true,"href":"https:\/\/www.europesays.com\/fr\/wp-json\/wp\/v2\/categories?post=540952"},{"taxonomy":"post_tag","embeddable":true,"href":"https:\/\/www.europesays.com\/fr\/wp-json\/wp\/v2\/tags?post=540952"}],"curies":[{"name":"wp","href":"https:\/\/api.w.org\/{rel}","templated":true}]}}