{"id":540956,"date":"2025-11-17T20:12:14","date_gmt":"2025-11-17T20:12:14","guid":{"rendered":"https:\/\/www.europesays.com\/fr\/540956\/"},"modified":"2025-11-17T20:12:14","modified_gmt":"2025-11-17T20:12:14","slug":"un-duel-asse-fc-nantes-pour-jean-philippe-krasso","status":"publish","type":"post","link":"https:\/\/www.europesays.com\/fr\/540956\/","title":{"rendered":"Un duel ASSE \u2013 FC Nantes pour Jean-Philippe Krasso ?"},"content":{"rendered":"<p>Le mercato d\u2019hiver pourrait offrir un sc\u00e9nario inattendu : un\u00a0<strong>face-\u00e0-face entre l\u2019AS Saint-\u00c9tienne et le FC Nantes<\/strong>\u00a0pour rapatrier ou attirer Jean-Philippe Krasso. Le Paris FC, son club actuel, est en plein chamboulement offensif, et l\u2019avenir de plusieurs attaquants pourrait d\u00e9clencher un jeu de chaises musicales o\u00f9 Krasso deviendrait l\u2019un des grands gagnants.<\/p>\n<p><strong>Le Paris FC cherche un num\u00e9ro 9 : deux profils cibl\u00e9s<\/strong><\/p>\n<p>Le PFC veut se renforcer offensivement. Le club francilien recherche un attaquant au\u00a0<strong>fort potentiel<\/strong>, capable d\u2019apporter un rendement imm\u00e9diat.<\/p>\n<p>Deux cibles se d\u00e9tachent :<\/p>\n<p><strong>\u2022 Lucas Stassin (Saint-\u00c9tienne)<\/strong><\/p>\n<p>Le jeune belge r\u00e9alise une belle premi\u00e8re partie de saison avec\u00a0<strong>4 buts et 2 passes d\u00e9cisives en Ligue 2<\/strong>. Son avenir \u00e0 l\u2019ASSE semble toutefois bouch\u00e9. Le joueur\u00a0<strong>ne souhaite pas rester \u00e0 Saint-\u00c9tienne<\/strong>, ce qui rend son d\u00e9part presque in\u00e9vitable d\u00e8s cet hiver.<\/p>\n<p><strong>\u2022 Matthis Abline (Nantes)<\/strong><\/p>\n<p>Avec\u00a0<strong>2 buts et 2 passes d\u00e9cisives en Ligue 1<\/strong>, Matthis Abline a montr\u00e9 de belles choses\u2026 mais le FC Nantes,\u00a0<strong>actuel barragiste (16e)<\/strong>, manque de stabilit\u00e9 et pourrait se r\u00e9soudre \u00e0 le vendre pour r\u00e9\u00e9quilibrer son mercato hivernal.<\/p>\n<p>Dans les deux cas,\u00a0<strong>Stassin comme Abline devraient quitter leur club<\/strong>. La vraie question :\u00a0<strong>qui partira en premier, et vers o\u00f9 ?<\/strong><\/p>\n<p><strong>Si l\u2019un arrive au PFC\u2026 Krasso pourrait prendre la porte<\/strong><\/p>\n<p>Le recrutement d\u2019un attaquant, d\u00e9j\u00e0 cibl\u00e9 par le Paris FC, pourrait faire une victime collat\u00e9rale :\u00a0<strong>Jean-Philippe Krasso<\/strong>.<\/p>\n<p>L\u2019ancien buteur de l\u2019ASSE a d\u00e9j\u00e0 vu d\u00e9barquer un premier concurrent direct,\u00a0<strong>Willem Geubbels<\/strong>, et son temps de jeu pourrait encore diminuer avec une nouvelle arriv\u00e9e \u00e0 son poste.<\/p>\n<p>Ce contexte ouvre la voie \u00e0 un d\u00e9part d\u00e8s janvier.<\/p>\n<p><strong>Un retour \u00e0 l\u2019ASSE ? La tentation sentimentale<\/strong><\/p>\n<p>Krasso garde une vraie cote d\u2019amour \u00e0\u00a0<strong>Saint-\u00c9tienne<\/strong>, o\u00f9 son profil technique et son sens du but manquent cruellement.<\/p>\n<p>L\u2019ASSE \u00e9volue en Ligue 2 mais pourrait lui offrir :<\/p>\n<ul class=\"wp-block-list\">\n<li>un r\u00f4le majeur<\/li>\n<li>un statut de leader offensif<\/li>\n<li>un environnement qu\u2019il conna\u00eet par c\u0153ur<\/li>\n<\/ul>\n<p>Un retour \u201c\u00e0 la maison\u201d fait donc sens sportivement\u2026 mais pas seulement.<\/p>\n<p><strong>Ou direction Nantes ? Du temps de jeu garanti<\/strong><\/p>\n<p>Le FC Nantes, en grande difficult\u00e9 en Ligue 1, manque d\u2019un attaquant capable d\u2019apporter imm\u00e9diatement des points. Pour Krasso, ce serait :<\/p>\n<ul class=\"wp-block-list\">\n<li><strong>du temps de jeu quasi assur\u00e9<\/strong>,<\/li>\n<li>une place dans un club de l\u2019\u00e9lite,<\/li>\n<li>une mission claire : sauver les Canaris de la zone rouge.<\/li>\n<\/ul>\n<p>L\u2019argument Ligue 1 pourrait peser lourd face aux sir\u00e8nes st\u00e9phanoises.<\/p>\n","protected":false},"excerpt":{"rendered":"Le mercato d\u2019hiver pourrait offrir un sc\u00e9nario inattendu : un\u00a0face-\u00e0-face entre l\u2019AS Saint-\u00c9tienne et le FC Nantes\u00a0pour rapatrier&hellip;\n","protected":false},"author":2,"featured_media":540957,"comment_status":"","ping_status":"","sticky":false,"template":"","format":"standard","meta":{"footnotes":""},"categories":[1410],"tags":[11,448,63,1011,27,66,3388,12,60,10662],"class_list":{"0":"post-540956","1":"post","2":"type-post","3":"status-publish","4":"format-standard","5":"has-post-thumbnail","7":"category-football","8":"tag-actualites","9":"tag-champions-league","10":"tag-football","11":"tag-fr","12":"tag-france","13":"tag-ligue-1","14":"tag-matchs","15":"tag-news","16":"tag-sports","17":"tag-transferts"},"share_on_mastodon":{"url":"https:\/\/pubeurope.com\/@fr\/115566866831719342","error":""},"_links":{"self":[{"href":"https:\/\/www.europesays.com\/fr\/wp-json\/wp\/v2\/posts\/540956","targetHints":{"allow":["GET"]}}],"collection":[{"href":"https:\/\/www.europesays.com\/fr\/wp-json\/wp\/v2\/posts"}],"about":[{"href":"https:\/\/www.europesays.com\/fr\/wp-json\/wp\/v2\/types\/post"}],"author":[{"embeddable":true,"href":"https:\/\/www.europesays.com\/fr\/wp-json\/wp\/v2\/users\/2"}],"replies":[{"embeddable":true,"href":"https:\/\/www.europesays.com\/fr\/wp-json\/wp\/v2\/comments?post=540956"}],"version-history":[{"count":0,"href":"https:\/\/www.europesays.com\/fr\/wp-json\/wp\/v2\/posts\/540956\/revisions"}],"wp:featuredmedia":[{"embeddable":true,"href":"https:\/\/www.europesays.com\/fr\/wp-json\/wp\/v2\/media\/540957"}],"wp:attachment":[{"href":"https:\/\/www.europesays.com\/fr\/wp-json\/wp\/v2\/media?parent=540956"}],"wp:term":[{"taxonomy":"category","embeddable":true,"href":"https:\/\/www.europesays.com\/fr\/wp-json\/wp\/v2\/categories?post=540956"},{"taxonomy":"post_tag","embeddable":true,"href":"https:\/\/www.europesays.com\/fr\/wp-json\/wp\/v2\/tags?post=540956"}],"curies":[{"name":"wp","href":"https:\/\/api.w.org\/{rel}","templated":true}]}}