{"id":540996,"date":"2025-11-17T20:34:10","date_gmt":"2025-11-17T20:34:10","guid":{"rendered":"https:\/\/www.europesays.com\/fr\/540996\/"},"modified":"2025-11-17T20:34:10","modified_gmt":"2025-11-17T20:34:10","slug":"qui-est-ce-super-rockeur-dejante-qui-va-allumer-le-feu-au-rockstore","status":"publish","type":"post","link":"https:\/\/www.europesays.com\/fr\/540996\/","title":{"rendered":"qui est ce Super rockeur d\u00e9jant\u00e9 qui va allumer le feu au Rockstore\u00a0?"},"content":{"rendered":"<p>                    Par<br \/>\n        <strong><br \/>\n            <a href=\"https:\/\/actu.fr\/auteur\/metropoop\" title=\"Consulter tous les articles de R\u00e9daction M\u00e9tropolitain\" rel=\"nofollow noopener\" target=\"_blank\">R\u00e9daction M\u00e9tropolitain<\/a><br \/>\n                    <\/strong><\/p>\n<p>        Publi\u00e9 le<\/p>\n<p>            17 nov. 2025 \u00e0 20h35        <\/p>\n<p>C\u2019est un chanteur et musicien ph\u00e9nom\u00e9nal qui va investir la mythique salle du Rockstore, \u00e0 <strong>Montpellier,<\/strong> ce mercredi 19 novembre 2025. Et dans ph\u00e9nom\u00e9nal, y a ph\u00e9nom\u00e8ne. Car c\u2019est un v\u00e9ritable Ovni de la sc\u00e8ne des vari\u00e9t\u00e9s que <strong>Didier Super.<\/strong> Oui, c\u2019est son nom de sc\u00e8ne.<\/p>\n<p class=\" wall-content\">Didier Super, c\u2019est un artiste-chanteur tr\u00e8s dr\u00f4le, m\u00eame d\u00e9jant\u00e9 on peut dire sans se tromper, originaire du Nord : c\u2019est le sp\u00e9cialiste des chansons dr\u00f4les, satiriques, paillardes et il fait toujours un concert avec toujours une tr\u00e8s bonne et tr\u00e8s chaude ambiance. Celles et ceux qui le connaissent sont attendus au Rockstore, comme celles et ceux qui souhaitent le d\u00e9couvrir. Un artiste tr\u00e8s rock\u2019n\u2019roll, c\u2019est le cas de le dire.<\/p>\n<p>    <a href=\"https:\/\/www.google.com\/maps\/embed?pb=!1m18!1m12!1m3!1d4029.4527192978326!2d3.8784383188656357!3d43.60596740493536!2m3!1f0!2f0!3f0!3m2!1i1024!2i768!4f13.1!3m3!1m2!1s0x12b6afa148b3ae95%3A0x5ce2fcf82d57c105!2sRockstore!5e0!3m2!1sfr!2sfr!4v1763401373406!5m2!1sfr!2sfr\" title=\"Ouvrie le lien\" rel=\"nofollow noopener\" target=\"_blank\">Cliquez ici pour visualiser le contenu<\/a><\/p>\n<p class=\" wall-content\">Didier Super et son groupe, c\u2019est Didier Super avec des musiciens, mais avec en bonus, trois chanteuses,\u00a0non pas qu\u2019il estime important d\u2019honorer la parit\u00e9 dans les musiques actuelles mais comme il le dit si bien : \u00ab Le meilleur moyen de ne pas se faire casser les c\u2026 par les f\u00e9ministes, c\u2019est d\u2019\u00eatre leur patron \u00bb.<\/p>\n<p class=\" wall-content\">Didier peut enfin s\u2019offrir une tourn\u00e9e sur des sc\u00e8nes fran\u00e7aises qui veulent bien l\u2019accueillir et \u00e7a marche, apr\u00e8s avoir \u00e9t\u00e9 pendant 15 ans l\u2019\u00e9g\u00e9rie \u00e0 l\u2019ar\u00f4me gauchisant d\u2019un public allant de l\u2019altermondialiste post-ado au retrait\u00e9 bobo sous \u00abperfusion intellectuelle\u00bb de France Inter. Didier s\u2019est enfin mis \u00ab en marche \u00ab pour devenir l\u2019\u00e9g\u00e9rie de tous. C\u2019est super non ?!<\/p>\n<p>Vid\u00e9os : en ce moment sur Actu<\/p>\n<p class=\" wall-content\">En 2012, Didier Super a d\u00e9branch\u00e9 sa guitare \u00e9lectrique pour se\u00a0consacrer \u00e0 des spectacles plus \u00ab\u00a0c\u00e9r\u00e9braux\u00a0\u00bb, histoire de se faire\u00a0enfin passer pour un artiste cr\u00e9dible \u2026\u00a0aupr\u00e8s d\u2019une certaine frange, la gauche caviar.\u00a0Le bilan de cette man\u0153uvre \u00e9tant mitig\u00e9, il d\u00e9cide, sur les conseils de sa m\u00e8re, de remonter un groupe de rock, car c\u2019est intellectuellement plus reposant pour lui et par voie de cons\u00e9quence plus accessible aux pauvres qui sont de loin la client\u00e8le majoritaire dans notre pays.<\/p>\n<p class=\" wall-content\">Attention : ce concert est r\u00e9serv\u00e9 \u00e0 un public averti de 16 ans et plus. Didier et son groupe vont allumer le feu comme dirait le regrett\u00e9 Johnny et r\u00e9chauffer la salle : \u00e7a tombe bien puisqu\u2019on annonce une d\u00e9gringolade spectaculaire des temp\u00e9ratures cette semaine. Et super\u00a0nouvelle : il reste des places au Rockstore, qu\u2019on se le dise ! \u00c0 voir sans faute.<\/p>\n<p>Votre r\u00e9gion, votre actu !<\/p>\n<p>Recevez chaque jour les infos qui comptent pour vous.<\/p>\n<p>\t<a href=\"https:\/\/actu.fr\/newsletter\" class=\"ac-btn ac-btn--corner ac-btn--medium ac-btn--blue800\" rel=\"nofollow noopener\" target=\"_blank\">S&rsquo;incrire<\/a><br \/>\n&gt; Concert de Didier Super et de ses musiciens, ce mercredi 19 novembre 2025, \u00e0 20h, Le Rockstore, rue de Verdun, \u00e0 Montpellier. Infos et billetterie <a href=\"https:\/\/www.rockstore.fr\" rel=\"nofollow noopener\" target=\"_blank\">ici<\/a><\/p>\n<p class=\" wall-content\">Personnalisez votre actualit\u00e9 en ajoutant vos villes et m\u00e9dias en favori avec <a href=\"https:\/\/moncompte.actu.fr\" title=\"D\u00e9couvez Mon Actu\" rel=\"nofollow noopener\" data-trk=\"{&quot;cta&quot;:{&quot;action&quot;:&quot;https:\\\/\\\/moncompte.actu.fr&quot;,&quot;category&quot;:&quot;mon compte&quot;,&quot;from&quot;:&quot;article footer&quot;,&quot;name&quot;:&quot;Mon actu&quot;,&quot;type&quot;:&quot;cta&quot;}}\" target=\"_blank\">Mon Actu<\/a>.<\/p>\n","protected":false},"excerpt":{"rendered":"Par R\u00e9daction M\u00e9tropolitain Publi\u00e9 le 17 nov. 2025 \u00e0 20h35 C\u2019est un chanteur et musicien ph\u00e9nom\u00e9nal qui va&hellip;\n","protected":false},"author":2,"featured_media":540997,"comment_status":"","ping_status":"","sticky":false,"template":"","format":"standard","meta":{"footnotes":""},"categories":[9599],"tags":[1111,11,1697,1777,674,1011,27,1652,2208,873,12,2680,25],"class_list":{"0":"post-540996","1":"post","2":"type-post","3":"status-publish","4":"format-standard","5":"has-post-thumbnail","7":"category-montpellier","8":"tag-actu","9":"tag-actualites","10":"tag-concert","11":"tag-eu","12":"tag-europe","13":"tag-fr","14":"tag-france","15":"tag-loisirs-culture","16":"tag-montpellier","17":"tag-musique","18":"tag-news","19":"tag-occitanie","20":"tag-republique-francaise"},"share_on_mastodon":{"url":"https:\/\/pubeurope.com\/@fr\/115566953829982082","error":""},"_links":{"self":[{"href":"https:\/\/www.europesays.com\/fr\/wp-json\/wp\/v2\/posts\/540996","targetHints":{"allow":["GET"]}}],"collection":[{"href":"https:\/\/www.europesays.com\/fr\/wp-json\/wp\/v2\/posts"}],"about":[{"href":"https:\/\/www.europesays.com\/fr\/wp-json\/wp\/v2\/types\/post"}],"author":[{"embeddable":true,"href":"https:\/\/www.europesays.com\/fr\/wp-json\/wp\/v2\/users\/2"}],"replies":[{"embeddable":true,"href":"https:\/\/www.europesays.com\/fr\/wp-json\/wp\/v2\/comments?post=540996"}],"version-history":[{"count":0,"href":"https:\/\/www.europesays.com\/fr\/wp-json\/wp\/v2\/posts\/540996\/revisions"}],"wp:featuredmedia":[{"embeddable":true,"href":"https:\/\/www.europesays.com\/fr\/wp-json\/wp\/v2\/media\/540997"}],"wp:attachment":[{"href":"https:\/\/www.europesays.com\/fr\/wp-json\/wp\/v2\/media?parent=540996"}],"wp:term":[{"taxonomy":"category","embeddable":true,"href":"https:\/\/www.europesays.com\/fr\/wp-json\/wp\/v2\/categories?post=540996"},{"taxonomy":"post_tag","embeddable":true,"href":"https:\/\/www.europesays.com\/fr\/wp-json\/wp\/v2\/tags?post=540996"}],"curies":[{"name":"wp","href":"https:\/\/api.w.org\/{rel}","templated":true}]}}