{"id":541004,"date":"2025-11-17T20:39:09","date_gmt":"2025-11-17T20:39:09","guid":{"rendered":"https:\/\/www.europesays.com\/fr\/541004\/"},"modified":"2025-11-17T20:39:09","modified_gmt":"2025-11-17T20:39:09","slug":"le-point-de-deal-de-saint-bruno-lie-au-drame","status":"publish","type":"post","link":"https:\/\/www.europesays.com\/fr\/541004\/","title":{"rendered":"le point de deal de Saint-Bruno li\u00e9 au drame ?"},"content":{"rendered":"<p>Depuis le mois de f\u00e9vrier dernier, marqu\u00e9 par le d\u00e9ploiement d\u2019un commissariat mobile en journ\u00e9e et de patrouilles renforc\u00e9es au cours des heures de nuit, le quartier Saint-Bruno, bastion historique du trafic de stup\u00e9fiants et de cigarettes dans l\u2019agglom\u00e9ration grenobloise, faisait moins parler de lui\u00a0: apr\u00e8s deux fusillades les 5 et 6\u00a0f\u00e9vrier, les armes s\u2019\u00e9taient tues.<\/p>\n<p>Certes, \u201cbusiness as usual\u201d, les affaires ill\u00e9gales se poursuivaient dans un savant jeu de cache-cache avec les forces de l\u2019ordre\u00a0: guetteurs survolt\u00e9s hurlant toute la journ\u00e9e _au grand d\u00e9sespoir des riverains_ \u00e0 la moindre alerte \u00e0 l\u2019arr\u00eat de&#8230;<\/p>\n","protected":false},"excerpt":{"rendered":"Depuis le mois de f\u00e9vrier dernier, marqu\u00e9 par le d\u00e9ploiement d\u2019un commissariat mobile en journ\u00e9e et de patrouilles&hellip;\n","protected":false},"author":2,"featured_media":541005,"comment_status":"","ping_status":"","sticky":false,"template":"","format":"standard","meta":{"footnotes":""},"categories":[9566],"tags":[1111,11,2430,271,272,112,1777,674,274,107,1011,27,329,2731,2732,108,12,25],"class_list":{"0":"post-541004","1":"post","2":"type-post","3":"status-publish","4":"format-standard","5":"has-post-thumbnail","7":"category-grenoble","8":"tag-actu","9":"tag-actualites","10":"tag-auvergne-rhone-alpes","11":"tag-crime","12":"tag-delit-et-contravention","13":"tag-edition-grenoble-agglomeration","14":"tag-eu","15":"tag-europe","16":"tag-faits-divers-justice","17":"tag-fil-info","18":"tag-fr","19":"tag-france","20":"tag-france-monde","21":"tag-grenoble","22":"tag-grenoble-bassin","23":"tag-isere","24":"tag-news","25":"tag-republique-francaise"},"share_on_mastodon":{"url":"https:\/\/pubeurope.com\/@fr\/115566973054343671","error":""},"_links":{"self":[{"href":"https:\/\/www.europesays.com\/fr\/wp-json\/wp\/v2\/posts\/541004","targetHints":{"allow":["GET"]}}],"collection":[{"href":"https:\/\/www.europesays.com\/fr\/wp-json\/wp\/v2\/posts"}],"about":[{"href":"https:\/\/www.europesays.com\/fr\/wp-json\/wp\/v2\/types\/post"}],"author":[{"embeddable":true,"href":"https:\/\/www.europesays.com\/fr\/wp-json\/wp\/v2\/users\/2"}],"replies":[{"embeddable":true,"href":"https:\/\/www.europesays.com\/fr\/wp-json\/wp\/v2\/comments?post=541004"}],"version-history":[{"count":0,"href":"https:\/\/www.europesays.com\/fr\/wp-json\/wp\/v2\/posts\/541004\/revisions"}],"wp:featuredmedia":[{"embeddable":true,"href":"https:\/\/www.europesays.com\/fr\/wp-json\/wp\/v2\/media\/541005"}],"wp:attachment":[{"href":"https:\/\/www.europesays.com\/fr\/wp-json\/wp\/v2\/media?parent=541004"}],"wp:term":[{"taxonomy":"category","embeddable":true,"href":"https:\/\/www.europesays.com\/fr\/wp-json\/wp\/v2\/categories?post=541004"},{"taxonomy":"post_tag","embeddable":true,"href":"https:\/\/www.europesays.com\/fr\/wp-json\/wp\/v2\/tags?post=541004"}],"curies":[{"name":"wp","href":"https:\/\/api.w.org\/{rel}","templated":true}]}}