{"id":541006,"date":"2025-11-17T20:40:13","date_gmt":"2025-11-17T20:40:13","guid":{"rendered":"https:\/\/www.europesays.com\/fr\/541006\/"},"modified":"2025-11-17T20:40:13","modified_gmt":"2025-11-17T20:40:13","slug":"a-rennes-latelier-du-pere-noel-precede-le-sapin-geant","status":"publish","type":"post","link":"https:\/\/www.europesays.com\/fr\/541006\/","title":{"rendered":"\u00c0 Rennes, l\u2019atelier du P\u00e8re No\u00ebl pr\u00e9c\u00e8de le sapin g\u00e9ant"},"content":{"rendered":"<p>Le rafra\u00eechissement des temp\u00e9ratures co\u00efncide avec une actualit\u00e9 de saison\u00a0: les f\u00eates de fin d\u2019ann\u00e9e pointent le bout de leur nez avec, place Saint-Germain, \u00e0 <a href=\"https:\/\/rennes.maville.com\/info\/info-locale\/\" target=\"_blank\" rel=\"noopener\">Rennes<\/a> (Ille-et-Vilaine) l\u2019apparition, depuis lundi 17\u00a0novembre 2025, d\u2019une cabane en rondins.<\/p>\n<p>Le P\u00e8re No\u00ebl en personne va y installer son atelier de fabrication de jouets. Il va y rester au chaud\u00a0: le public ne pourra qu\u2019apercevoir sa silhouette \u00e0 l\u2019int\u00e9rieur. Sauf les derniers jours avant No\u00ebl quand il daignera rejoindre le tra\u00eeneau qui l\u2019attend \u00e0 proximit\u00e9 pour partir en tourn\u00e9e.<\/p>\n<p>D\u2019ici mercredi, tout un jeu d\u2019\u00e9clairage et des petits personnages vont prendre place autour du chalet. L\u2019installation remplace<a href=\"https:\/\/rennes.maville.com\/actu\/actudet_-sapin-geant-villages-de-lutins-son-et-lumiere-rennes-a-lance-ses-illuminations-de-noel-_52674-6576967_actu.Htm\" target=\"_blank\" rel=\"noopener\"> les trois petites cabanes de lutins qui, l\u2019an dernier, avaient anim\u00e9 la place Saint-Germain<\/a>. Autre symbole fort \u00e0 reprendre du service\u00a0: le sapin g\u00e9ant de 13\u00a0m de haut qui, ce mardi d\u00e8s 8\u00a0h\u00a030, va se dresser place du Parlement.<\/p>\n<p>\u00a0<\/p>\n","protected":false},"excerpt":{"rendered":"Le rafra\u00eechissement des temp\u00e9ratures co\u00efncide avec une actualit\u00e9 de saison\u00a0: les f\u00eates de fin d\u2019ann\u00e9e pointent le bout&hellip;\n","protected":false},"author":2,"featured_media":541007,"comment_status":"","ping_status":"","sticky":false,"template":"","format":"standard","meta":{"footnotes":""},"categories":[2821],"tags":[1111,11,4396,829,1777,674,1011,27,13702,12,15830,6552,65902,3086,584,25,63446],"class_list":{"0":"post-541006","1":"post","2":"type-post","3":"status-publish","4":"format-standard","5":"has-post-thumbnail","7":"category-rennes","8":"tag-actu","9":"tag-actualites","10":"tag-atelier","11":"tag-bretagne","12":"tag-eu","13":"tag-europe","14":"tag-fr","15":"tag-france","16":"tag-geant","17":"tag-news","18":"tag-noel","19":"tag-pere","20":"tag-precede","21":"tag-redon","22":"tag-rennes","23":"tag-republique-francaise","24":"tag-sapin"},"share_on_mastodon":{"url":"https:\/\/pubeurope.com\/@fr\/115566976961535446","error":""},"_links":{"self":[{"href":"https:\/\/www.europesays.com\/fr\/wp-json\/wp\/v2\/posts\/541006","targetHints":{"allow":["GET"]}}],"collection":[{"href":"https:\/\/www.europesays.com\/fr\/wp-json\/wp\/v2\/posts"}],"about":[{"href":"https:\/\/www.europesays.com\/fr\/wp-json\/wp\/v2\/types\/post"}],"author":[{"embeddable":true,"href":"https:\/\/www.europesays.com\/fr\/wp-json\/wp\/v2\/users\/2"}],"replies":[{"embeddable":true,"href":"https:\/\/www.europesays.com\/fr\/wp-json\/wp\/v2\/comments?post=541006"}],"version-history":[{"count":0,"href":"https:\/\/www.europesays.com\/fr\/wp-json\/wp\/v2\/posts\/541006\/revisions"}],"wp:featuredmedia":[{"embeddable":true,"href":"https:\/\/www.europesays.com\/fr\/wp-json\/wp\/v2\/media\/541007"}],"wp:attachment":[{"href":"https:\/\/www.europesays.com\/fr\/wp-json\/wp\/v2\/media?parent=541006"}],"wp:term":[{"taxonomy":"category","embeddable":true,"href":"https:\/\/www.europesays.com\/fr\/wp-json\/wp\/v2\/categories?post=541006"},{"taxonomy":"post_tag","embeddable":true,"href":"https:\/\/www.europesays.com\/fr\/wp-json\/wp\/v2\/tags?post=541006"}],"curies":[{"name":"wp","href":"https:\/\/api.w.org\/{rel}","templated":true}]}}