{"id":541010,"date":"2025-11-17T20:42:12","date_gmt":"2025-11-17T20:42:12","guid":{"rendered":"https:\/\/www.europesays.com\/fr\/541010\/"},"modified":"2025-11-17T20:42:12","modified_gmt":"2025-11-17T20:42:12","slug":"strasbourg-lambition-dadrien-ruffier-nouveau-directeur-de-liseg","status":"publish","type":"post","link":"https:\/\/www.europesays.com\/fr\/541010\/","title":{"rendered":"Strasbourg. L\u2019ambition d\u2019Adrien Ruffier, nouveau directeur de l\u2019ISEG"},"content":{"rendered":"<p>Ancien \u00e9tudiant de l\u2019ISEG Strasbourg, dont il fut major de promotion en 2018, il conna\u00eet les murs, les valeurs et l\u2019exigence de la maison mieux que quiconque. Il y a gravi tous les \u00e9chelons\u00a0: responsable communication, puis directeur adjoint, avant d\u2019en prendre la t\u00eate en 2025.<\/p>\n<p>\u00ab\u00a0L\u2019ISEG n\u2019est pas seulement une \u00e9cole o\u00f9 l\u2019on apprend un m\u00e9tier, c\u2019est un lieu o\u00f9 l\u2019on apprend \u00e0 penser, \u00e0 cr\u00e9er et \u00e0 s\u2019engager\u00a0\u00bb, affirme le nouveau directeur.<\/p>\n<p>Auditeur de l\u2019Institut des hautes \u00e9tudes de d\u00e9fense nationale (IHEDN), membre du conseil scientifique de l\u2019Ismea et intervenant dans plusieurs \u00e9coles sup\u00e9rieures depuis dix ans, Adrien Ruffier s\u2019appuie sur une exp\u00e9rience solide dans l\u2019enseignement, la strat\u00e9gie et la communication.<\/p>\n<p> Fid\u00e8le \u00e0 une culture du Kaizen , l\u2019am\u00e9lioration continue, l\u2019ISEG&#8230;<\/p>\n","protected":false},"excerpt":{"rendered":"Ancien \u00e9tudiant de l\u2019ISEG Strasbourg, dont il fut major de promotion en 2018, il conna\u00eet les murs, les&hellip;\n","protected":false},"author":2,"featured_media":541011,"comment_status":"","ping_status":"","sticky":false,"template":"","format":"standard","meta":{"footnotes":""},"categories":[2820],"tags":[1111,11,2880,1057,4854,1777,674,1011,27,775,12,25,640,2879],"class_list":{"0":"post-541010","1":"post","2":"type-post","3":"status-publish","4":"format-standard","5":"has-post-thumbnail","7":"category-strasbourg","8":"tag-actu","9":"tag-actualites","10":"tag-edition-strasbourg","11":"tag-education","12":"tag-enseignement-superieur","13":"tag-eu","14":"tag-europe","15":"tag-fr","16":"tag-france","17":"tag-grand-est","18":"tag-news","19":"tag-republique-francaise","20":"tag-strasbourg","21":"tag-strasbourg-ville"},"share_on_mastodon":{"url":"https:\/\/pubeurope.com\/@fr\/115566984917996962","error":""},"_links":{"self":[{"href":"https:\/\/www.europesays.com\/fr\/wp-json\/wp\/v2\/posts\/541010","targetHints":{"allow":["GET"]}}],"collection":[{"href":"https:\/\/www.europesays.com\/fr\/wp-json\/wp\/v2\/posts"}],"about":[{"href":"https:\/\/www.europesays.com\/fr\/wp-json\/wp\/v2\/types\/post"}],"author":[{"embeddable":true,"href":"https:\/\/www.europesays.com\/fr\/wp-json\/wp\/v2\/users\/2"}],"replies":[{"embeddable":true,"href":"https:\/\/www.europesays.com\/fr\/wp-json\/wp\/v2\/comments?post=541010"}],"version-history":[{"count":0,"href":"https:\/\/www.europesays.com\/fr\/wp-json\/wp\/v2\/posts\/541010\/revisions"}],"wp:featuredmedia":[{"embeddable":true,"href":"https:\/\/www.europesays.com\/fr\/wp-json\/wp\/v2\/media\/541011"}],"wp:attachment":[{"href":"https:\/\/www.europesays.com\/fr\/wp-json\/wp\/v2\/media?parent=541010"}],"wp:term":[{"taxonomy":"category","embeddable":true,"href":"https:\/\/www.europesays.com\/fr\/wp-json\/wp\/v2\/categories?post=541010"},{"taxonomy":"post_tag","embeddable":true,"href":"https:\/\/www.europesays.com\/fr\/wp-json\/wp\/v2\/tags?post=541010"}],"curies":[{"name":"wp","href":"https:\/\/api.w.org\/{rel}","templated":true}]}}