{"id":541012,"date":"2025-11-17T20:43:14","date_gmt":"2025-11-17T20:43:14","guid":{"rendered":"https:\/\/www.europesays.com\/fr\/541012\/"},"modified":"2025-11-17T20:43:14","modified_gmt":"2025-11-17T20:43:14","slug":"au-sommet-choose-france-ovhcloud-annonce-investir-160-millions-deuros","status":"publish","type":"post","link":"https:\/\/www.europesays.com\/fr\/541012\/","title":{"rendered":"au sommet Choose France, OVHcloud\u00a0annonce investir 160 millions d&rsquo;euros"},"content":{"rendered":"<p>Parmi les investissements \u00ab\u00a0r\u00e9alis\u00e9s ou d\u00e9cid\u00e9s en 2025\u00a0\u00bb mis en avant ce lundi lors du premier sommet \u201cChoose France \u2013 \u00c9dition France\u201d, le dossier de presse officiel publi\u00e9 \u00e0 la mi-journ\u00e9e mentionnait \u00ab\u00a0de 160 \u00e0 180\u00a0M\u20ac [millions d\u2019euros]\u00a0\u00bb pr\u00e9vus par OVHcloud \u00ab\u00a0pour un nouveau datacenter \u00e0 Strasbourg, en reprenant une partie des b\u00e2timents laiss\u00e9s vacants par ArcelorMittal dans le port autonome\u00a0\u00bb.<\/p>\n<p>Contact\u00e9, le service communication du \u00ab\u00a0leader europ\u00e9en du cloud\u00a0\u00bb s\u2019est d\u2019abord montr\u00e9 surpris. \u00ab\u00a0Notre annonce dans le cadre de Choose France concerne le d\u00e9veloppement et l\u2019\u00e9largissement de notre offre en mati\u00e8re d\u2019informatique quantique\u00a0\u00bb, a r\u00e9agi l\u2019entreprise, qui venait de d\u00e9voiler le lancement de sa Quantum Platform, devant permettre \u00ab\u00a0l\u2019acc\u00e8s \u00e0 au moins huit ordinateurs quantiques parmi les plus performants\u00a0\u00bb.<\/p>\n<p>De Strasbourg, o\u00f9 OVHcloud est implant\u00e9 depuis 2012 (en mars\u00a02021, un incendie avait endommag\u00e9 un de ses quatre centres de stockage locaux, provoquant le chaos sur internet), il n\u2019\u00e9tait visiblement pas pr\u00e9vu de parler ce lundi. Jusqu\u2019\u00e0 ce qu\u2019en d\u00e9but de soir\u00e9e, dans un message sur X, le pr\u00e9sident fondateur, Octave Klaba, \u00ab\u00a0confirme 160-180\u00a0M\u20ac d\u2019investissement\u00a0\u00bb dans les datacenters \u00ab\u00a0SBG6, SBG7, SBG8, qui sont les projets en cours de construction et n\u00e9cessiteront ces montants-l\u00e0, une fois termin\u00e9s et remplis avec les serveurs\u00a0\u00bb.<\/p>\n<p>Le dossier de presse de Choose France rappelait deux autres investissements en Alsace : \u00ab\u00a0plus de 2\u00a0milliards d\u2019euros\u00a0\u00bb pour le <a href=\"https:\/\/www.lalsace.fr\/economie\/2025\/11\/05\/lithium-de-france-lance-sa-quete-vers-l-or-blanc-alsacien\" target=\"_blank\" rel=\"nofollow noopener\">projet Lithium de France<\/a> au nord de Haguenau, et \u00ab\u00a050\u00a0millions d\u2019euros\u00a0\u00bb pour la modernisation des usines d\u2019Alsapan \u00e0 Erstein ( l\u2019entreprise a pour sa part annonc\u00e9 35\u00a0millions d\u2019euros d\u2019ici \u00e0 2027 ).<\/p>\n","protected":false},"excerpt":{"rendered":"Parmi les investissements \u00ab\u00a0r\u00e9alis\u00e9s ou d\u00e9cid\u00e9s en 2025\u00a0\u00bb mis en avant ce lundi lors du premier sommet \u201cChoose&hellip;\n","protected":false},"author":2,"featured_media":541013,"comment_status":"","ping_status":"","sticky":false,"template":"","format":"standard","meta":{"footnotes":""},"categories":[2820],"tags":[1111,11,2389,33,1777,674,107,1011,27,775,693,12,25,640],"class_list":{"0":"post-541012","1":"post","2":"type-post","3":"status-publish","4":"format-standard","5":"has-post-thumbnail","7":"category-strasbourg","8":"tag-actu","9":"tag-actualites","10":"tag-alsace","11":"tag-economie","12":"tag-eu","13":"tag-europe","14":"tag-fil-info","15":"tag-fr","16":"tag-france","17":"tag-grand-est","18":"tag-industrie","19":"tag-news","20":"tag-republique-francaise","21":"tag-strasbourg"},"share_on_mastodon":{"url":"https:\/\/pubeurope.com\/@fr\/115566988847320760","error":""},"_links":{"self":[{"href":"https:\/\/www.europesays.com\/fr\/wp-json\/wp\/v2\/posts\/541012","targetHints":{"allow":["GET"]}}],"collection":[{"href":"https:\/\/www.europesays.com\/fr\/wp-json\/wp\/v2\/posts"}],"about":[{"href":"https:\/\/www.europesays.com\/fr\/wp-json\/wp\/v2\/types\/post"}],"author":[{"embeddable":true,"href":"https:\/\/www.europesays.com\/fr\/wp-json\/wp\/v2\/users\/2"}],"replies":[{"embeddable":true,"href":"https:\/\/www.europesays.com\/fr\/wp-json\/wp\/v2\/comments?post=541012"}],"version-history":[{"count":0,"href":"https:\/\/www.europesays.com\/fr\/wp-json\/wp\/v2\/posts\/541012\/revisions"}],"wp:featuredmedia":[{"embeddable":true,"href":"https:\/\/www.europesays.com\/fr\/wp-json\/wp\/v2\/media\/541013"}],"wp:attachment":[{"href":"https:\/\/www.europesays.com\/fr\/wp-json\/wp\/v2\/media?parent=541012"}],"wp:term":[{"taxonomy":"category","embeddable":true,"href":"https:\/\/www.europesays.com\/fr\/wp-json\/wp\/v2\/categories?post=541012"},{"taxonomy":"post_tag","embeddable":true,"href":"https:\/\/www.europesays.com\/fr\/wp-json\/wp\/v2\/tags?post=541012"}],"curies":[{"name":"wp","href":"https:\/\/api.w.org\/{rel}","templated":true}]}}