{"id":541020,"date":"2025-11-17T20:47:37","date_gmt":"2025-11-17T20:47:37","guid":{"rendered":"https:\/\/www.europesays.com\/fr\/541020\/"},"modified":"2025-11-17T20:47:37","modified_gmt":"2025-11-17T20:47:37","slug":"a11-des-travaux-vont-perturber-la-circulation-pres-du-peripherique-de-nantes","status":"publish","type":"post","link":"https:\/\/www.europesays.com\/fr\/541020\/","title":{"rendered":"A11\u00a0: des travaux vont perturber la circulation pr\u00e8s du p\u00e9riph\u00e9rique de Nantes"},"content":{"rendered":"<p>Nantes m\u00e9tropole effectue des travaux d\u2019entretien de chauss\u00e9e sur le rond-point de La Chapelle, au niveau du raccordement de l\u2019autoroute A11 au p\u00e9riph\u00e9rique est int\u00e9rieur. Afin de limiter la g\u00eane occasionn\u00e9e, ces op\u00e9rations seront effectu\u00e9es au cours de quatre\u00a0nuits, de 21\u00a0h\u00a030 \u00e0 5\u00a0h\u00a030 du lundi\u00a017 au vendredi 21\u00a0novembre 2025 au matin.<\/p>\n<p><a href=\"https:\/\/nantes.maville.com\/actu\/actudet_-sa-voiture-percute-un-sanglier-sur-le-peripherique-de-nantes-je-suis-enceinte-alors-j-ai-eu-peur-_8-7067661_actu.Htm\" target=\"_blank\" rel=\"noopener\"> <strong>LIRE AUSSI. <\/strong>Sa voiture percute un sanglier sur le p\u00e9riph de Nantes : \u00ab Je suis enceinte, alors j\u2019ai eu peur \u00bb<\/a><\/p>\n<p>Quelles solutions ?<\/p>\n<p>Durant les travaux, la collectrice en provenance de l\u2019autoroute A11 et en direction du p\u00e9riph\u00e9rique est int\u00e9rieur, menant vers le rond-point de la porte de La Chapelle, est ferm\u00e9e. Les conducteurs circulant sur le p\u00e9riph\u00e9rique est int\u00e9rieur (RN 844) voulant sortir au niveau de la porte de\u00a0La Chapelle sont invit\u00e9s \u00e0 poursuivre jusqu\u2019\u00e0 la porte de la Beaujoire, o\u00f9 ils pourront faire un demi-tour pour emprunter le p\u00e9riph\u00e9rique est ext\u00e9rieur jusqu\u2019\u00e0 la porte de Gesvres. Ils seront alors dirig\u00e9s vers l\u2019\u00e9changeur de la B\u00e9rangerais pour ceux souhaitant rejoindre La Chapelle-sur-Erdre\u00a0; vers la porte de Rennes puis la RN 137 en direction Nantes centre et le giratoire du Cardo, pour\u00a0ceux souhaitant rejoindre les quartiers nord de Nantes.<\/p>\n<p>\u00a0<\/p>\n","protected":false},"excerpt":{"rendered":"Nantes m\u00e9tropole effectue des travaux d\u2019entretien de chauss\u00e9e sur le rond-point de La Chapelle, au niveau du raccordement&hellip;\n","protected":false},"author":2,"featured_media":541021,"comment_status":"","ping_status":"","sticky":false,"template":"","format":"standard","meta":{"footnotes":""},"categories":[2818],"tags":[46251,1111,11,3542,1777,674,1011,27,766,12,2636,4013,20433,3762,25,2086],"class_list":{"0":"post-541020","1":"post","2":"type-post","3":"status-publish","4":"format-standard","5":"has-post-thumbnail","7":"category-nantes","8":"tag-a11","9":"tag-actu","10":"tag-actualites","11":"tag-circulation","12":"tag-eu","13":"tag-europe","14":"tag-fr","15":"tag-france","16":"tag-nantes","17":"tag-news","18":"tag-pays-de-la-loire","19":"tag-peripherique","20":"tag-perturber","21":"tag-pres","22":"tag-republique-francaise","23":"tag-travaux"},"share_on_mastodon":{"url":"https:\/\/pubeurope.com\/@fr\/115567004780123731","error":""},"_links":{"self":[{"href":"https:\/\/www.europesays.com\/fr\/wp-json\/wp\/v2\/posts\/541020","targetHints":{"allow":["GET"]}}],"collection":[{"href":"https:\/\/www.europesays.com\/fr\/wp-json\/wp\/v2\/posts"}],"about":[{"href":"https:\/\/www.europesays.com\/fr\/wp-json\/wp\/v2\/types\/post"}],"author":[{"embeddable":true,"href":"https:\/\/www.europesays.com\/fr\/wp-json\/wp\/v2\/users\/2"}],"replies":[{"embeddable":true,"href":"https:\/\/www.europesays.com\/fr\/wp-json\/wp\/v2\/comments?post=541020"}],"version-history":[{"count":0,"href":"https:\/\/www.europesays.com\/fr\/wp-json\/wp\/v2\/posts\/541020\/revisions"}],"wp:featuredmedia":[{"embeddable":true,"href":"https:\/\/www.europesays.com\/fr\/wp-json\/wp\/v2\/media\/541021"}],"wp:attachment":[{"href":"https:\/\/www.europesays.com\/fr\/wp-json\/wp\/v2\/media?parent=541020"}],"wp:term":[{"taxonomy":"category","embeddable":true,"href":"https:\/\/www.europesays.com\/fr\/wp-json\/wp\/v2\/categories?post=541020"},{"taxonomy":"post_tag","embeddable":true,"href":"https:\/\/www.europesays.com\/fr\/wp-json\/wp\/v2\/tags?post=541020"}],"curies":[{"name":"wp","href":"https:\/\/api.w.org\/{rel}","templated":true}]}}