{"id":541022,"date":"2025-11-17T20:48:13","date_gmt":"2025-11-17T20:48:13","guid":{"rendered":"https:\/\/www.europesays.com\/fr\/541022\/"},"modified":"2025-11-17T20:48:13","modified_gmt":"2025-11-17T20:48:13","slug":"quinzaine-de-legalite-150-evenements-dans-la-metropole-de-bordeaux-pour-la-12e-edition","status":"publish","type":"post","link":"https:\/\/www.europesays.com\/fr\/541022\/","title":{"rendered":"Quinzaine de l&rsquo;\u00e9galit\u00e9 : 150 \u00e9v\u00e9nements dans la m\u00e9tropole de Bordeaux pour la 12e \u00e9dition"},"content":{"rendered":"<p class=\"wp-block-post-excerpt__excerpt\">Ce mardi 18 novembre, Bordeaux M\u00e9tropole lance la 12e \u00e9dition de sa Quinzaine de l\u2019\u00e9galit\u00e9. Jusqu\u2019au 2 d\u00e9cembre, 150 animations, pour la plupart gratuites et ouvertes \u00e0 toutes et tous, sont organis\u00e9es dans 21 communes de la M\u00e9tropole afin de promouvoir l\u2019\u00e9galit\u00e9, la diversit\u00e9 et la lutte contre les discriminations. <\/p>\n<p class=\"font-sans\">\n\t\t\tCet article est en acc\u00e8s libre. Pour soutenir Rue89Bordeaux,<br \/>\n\t\t\t<a class=\"underline\" href=\"https:\/\/rue89bordeaux.com\/abonnement\/\" target=\"_blank\" rel=\"noopener\">abonnez-vous<\/a>.\n\t\t<\/p>\n<p>Margaux B\u00e9gards<\/p>\n<p>Publi\u00e9 le 17 novembre 2025\u00a0\u00a0\u00b7\u00a0\u00a0<\/p>\n<p>Imprim\u00e9 le 17 novembre 2025 \u00e0 21h48\u00a0\u00a0\u00b7\u00a0\u00a0<\/p>\n<p>\t\t\t\t\t2\u00a0minutes\n<\/p>\n<p>Pour sa 12e \u00e9dition, la Quinzaine de l\u2019\u00e9galit\u00e9 met une nouvelle fois les petits plats dans les grands. Le rendez-vous est donn\u00e9 ce mardi soir \u00e0 partir de 18h30 \u00e0 L\u2019H\u00f4tel Ragueneau, transform\u00e9 pour l\u2019occasion en Maison Commune, pour une grande soir\u00e9e d\u2019ouverture d\u00e9di\u00e9e \u00e0 la lutte contre le racisme.<\/p>\n<p>Au programme : le spectacle #MoiAussiJ\u2019\u00e9touffe de la compagnie \u00c9lectrons Parall\u00e8les, une cr\u00e9ation autour de l\u2019histoire des discriminations, et l\u2019exposition interactive Lisa, l\u2019histoire dont vous \u00eates la migrante, propos\u00e9e par E-GRAINE, qui explore la diversit\u00e9 des migrations des femmes. Le concert du duo DimeloTu, m\u00ealant influences musicales chiliennes et fran\u00e7aises, viendra cl\u00f4turer cette premi\u00e8re soir\u00e9e.<\/p>\n<p>Les 21 communes de la M\u00e9tropole engag\u00e9es dans cette initiative vont ensuite vibrer au gr\u00e9 des 150 animations en tous genres, pour la plupart gratuites et ouvertes \u00e0 toutes et tous. Spectacles, ateliers, expositions, cin\u00e9-d\u00e9bat, concerts\u2026 Autant de formes d\u2019expression propos\u00e9es pour promouvoir le vivre ensemble. Le programme est disponible <a href=\"https:\/\/www.bordeaux-metropole.fr\/actualites\/tous-differents-tous-egaux\" target=\"_blank\" rel=\"noreferrer noopener\">sur le site de Bordeaux M\u00e9tropole<\/a>.<\/p>\n<p>\t\tAteliers, hommage et concerts<\/p>\n<p>Ainsi, il sera possible de prendre part \u00e0 un <a href=\"https:\/\/www.bordeaux-metropole.fr\/agenda\/le-consentement-sans-oui-cest-non-le-silence-ne-suffit-pas\" target=\"_blank\" rel=\"noreferrer noopener\">atelier parents-enfants sur le consentement<\/a> (sur inscription) les mercredi 19 et 26 novembre de 10h \u00e0 14h \u00e0 Saint-M\u00e9dard-en-Jalles, d\u2019assister \u00e0 <a href=\"https:\/\/www.bordeaux-metropole.fr\/agenda\/match-pour-legalite-3267380\" target=\"_blank\" rel=\"noreferrer noopener\">un match de football mixte avec l\u2019US Cenon<\/a> au complexe footballistique du Loret le 21 novembre \u00e0 18h ou encore d\u2019aller jeter un \u0153il \u00e0 <a href=\"https:\/\/www.bordeaux-metropole.fr\/agenda\/dune-rive-a-lautre-regards-sur-lengagement-6540955\" target=\"_blank\" rel=\"noreferrer noopener\">l\u2019exposition photographique<\/a> mettant en lumi\u00e8re les missions de SOS M\u00e9diterran\u00e9e \u00e0 la m\u00e9diath\u00e8que de Floirac.<\/p>\n<p>Le 25 novembre, journ\u00e9e internationale de lutte pour l\u2019\u00e9limination de la violence \u00e0 l\u2019\u00e9gard des femmes, un temps de comm\u00e9moration se tiendra devant la mairie de Cenon \u00e0 17h, o\u00f9 une plaque en m\u00e9moire de Nasrine, agente municipale <a href=\"https:\/\/rue89bordeaux.com\/2025\/01\/a-cenon-le-feminicide-de-nasrine-bouleverse-la-mairie-et-les-habitants-du-quartier\/\" target=\"_blank\" rel=\"noreferrer noopener\">victime de f\u00e9minicide<\/a> en janvier 2025, sera inaugur\u00e9e.<\/p>\n<p>Cette quinzaine se cl\u00f4turera le\u00a02 d\u00e9cembre, \u00e0 partir de 18h, avec une soir\u00e9e gratuite organis\u00e9e au Rocher de Palmer. Elle s\u2019ouvrira avec un concert de oud de Mohammad Khala, compositeur et musicien palestinien, suivi d\u2019une remise des troph\u00e9es de l\u2019\u00e9dition 2025 puis du spectacle \u00ab\u00a024h de la vie d\u2019une femme\u00a0\u00bb.<\/p>\n","protected":false},"excerpt":{"rendered":"Ce mardi 18 novembre, Bordeaux M\u00e9tropole lance la 12e \u00e9dition de sa Quinzaine de l\u2019\u00e9galit\u00e9. Jusqu\u2019au 2 d\u00e9cembre,&hellip;\n","protected":false},"author":2,"featured_media":541023,"comment_status":"","ping_status":"","sticky":false,"template":"","format":"standard","meta":{"footnotes":""},"categories":[2817],"tags":[1111,11,1997,30421,5894,1777,674,17077,1011,27,12,2219,65904,25,30420,104],"class_list":{"0":"post-541022","1":"post","2":"type-post","3":"status-publish","4":"format-standard","5":"has-post-thumbnail","7":"category-bordeaux","8":"tag-actu","9":"tag-actualites","10":"tag-bordeaux","11":"tag-cenon","12":"tag-discriminations","13":"tag-eu","14":"tag-europe","15":"tag-floirac","16":"tag-fr","17":"tag-france","18":"tag-news","19":"tag-nouvelle-aquitaine","20":"tag-quinzaine-de-legalite","21":"tag-republique-francaise","22":"tag-saint-medard-en-jalles","23":"tag-societe"},"share_on_mastodon":{"url":"https:\/\/pubeurope.com\/@fr\/115567009034066757","error":""},"_links":{"self":[{"href":"https:\/\/www.europesays.com\/fr\/wp-json\/wp\/v2\/posts\/541022","targetHints":{"allow":["GET"]}}],"collection":[{"href":"https:\/\/www.europesays.com\/fr\/wp-json\/wp\/v2\/posts"}],"about":[{"href":"https:\/\/www.europesays.com\/fr\/wp-json\/wp\/v2\/types\/post"}],"author":[{"embeddable":true,"href":"https:\/\/www.europesays.com\/fr\/wp-json\/wp\/v2\/users\/2"}],"replies":[{"embeddable":true,"href":"https:\/\/www.europesays.com\/fr\/wp-json\/wp\/v2\/comments?post=541022"}],"version-history":[{"count":0,"href":"https:\/\/www.europesays.com\/fr\/wp-json\/wp\/v2\/posts\/541022\/revisions"}],"wp:featuredmedia":[{"embeddable":true,"href":"https:\/\/www.europesays.com\/fr\/wp-json\/wp\/v2\/media\/541023"}],"wp:attachment":[{"href":"https:\/\/www.europesays.com\/fr\/wp-json\/wp\/v2\/media?parent=541022"}],"wp:term":[{"taxonomy":"category","embeddable":true,"href":"https:\/\/www.europesays.com\/fr\/wp-json\/wp\/v2\/categories?post=541022"},{"taxonomy":"post_tag","embeddable":true,"href":"https:\/\/www.europesays.com\/fr\/wp-json\/wp\/v2\/tags?post=541022"}],"curies":[{"name":"wp","href":"https:\/\/api.w.org\/{rel}","templated":true}]}}