{"id":541026,"date":"2025-11-17T20:50:19","date_gmt":"2025-11-17T20:50:19","guid":{"rendered":"https:\/\/www.europesays.com\/fr\/541026\/"},"modified":"2025-11-17T20:50:19","modified_gmt":"2025-11-17T20:50:19","slug":"a-toulousela-palestine-sinvite-dans-la-campagne-municipale","status":"publish","type":"post","link":"https:\/\/www.europesays.com\/fr\/541026\/","title":{"rendered":"A Toulouse,la Palestine s&rsquo;invite dans la campagne municipale"},"content":{"rendered":"<p>Le 1er octobre dernier, sur le march\u00e9 d\u2019Empalot, \u00e0 Toulouse, Alexandre, un militant de LFI, tracte pour son candidat, le d\u00e9put\u00e9 Fran\u00e7ois Piquemal, alors embarqu\u00e9 sur un navire de la flottille pour Gaza. \u00ab\u202fUn policier municipal s\u2019est approch\u00e9 de moi et m\u2019a dit qu\u2019il ne fallait pas faire de la pub pour le maire de Gaza. C\u2019\u00e9tait en mode blague, il \u00e9tait tr\u00e8s content de lui, il le r\u00e9p\u00e9tait en boucle\u2026 \u00bb, raconte le militant, mi\u2010surpris, mi\u2010moqueur.<\/p>\n<p>Interrog\u00e9e, la mairie confirme le contact entre trois agents de la police municipale et les militants mais pas son contenu. \u00ab\u202fAucun \u00e9l\u00e9ment mat\u00e9riel ne vient \u00e9tayer le r\u00e9cit rapport\u00e9\u202f\u00bb, affirme\u2010t\u2010elle, assurant qu\u201d \u00ab\u202faucune remarque \u00e0 caract\u00e8re politique, aucune verbalisation, aucune mesure coercitive n\u2019a \u00e9t\u00e9 effectu\u00e9e. L\u2019agent qui a effectu\u00e9 ce contr\u00f4le est reconnu pour son s\u00e9rieux, sa neutralit\u00e9 et la qualit\u00e9 constante de son service.\u202f\u00bb<\/p>\n<p>L\u2019anecdote en dit long sur la place que la situation \u00e0 Gaza a pris dans l\u2019espace politique toulousain ces derniers mois. Le 14 octobre, Fran\u00e7ois Piquemal est mont\u00e9 sur la sc\u00e8ne de la salle Barcelone pour lancer sa campagne de candidat \u00e0 l\u2019\u00e9lection de maire de Toulouse. Avant de se pencher sur l\u2019\u00e9ducation, les transports ou l\u2019union de la gauche, il a \u00e9voqu\u00e9 la Palestine. <a href=\"https:\/\/www.mediacites.fr\/entretien\/toulouse\/2025\/09\/26\/flottille-pour-gaza-nous-mettons-toulouse-du-bon-cote-de-lhistoire\/%20\" target=\"_blank\" rel=\"noopener nofollow\">Il \u00e9tait rentr\u00e9 quelques jours plus t\u00f4t \u2013 avec deux autres Toulousains<\/a>\u00a0\u2013 de son p\u00e9riple solidaire en M\u00e9diterran\u00e9e, achev\u00e9, entre le 1er et le 3 octobre, par l\u2019arraisonnement des 45 navires de la flottille et\u00a0\u2026<\/p>\n<p>Nous vous offrons l\u2019acc\u00e8s \u00e0 cet article<\/p>\n<p>Et \u00e0 toutes nos enqu\u00eates pendant deux jours\u00a0\u00a0! <br \/>Oui, on est g\u00e9n\u00e9reux \ud83d\ude09 Mais pensez aussi \u00e0 <a href=\"https:\/\/www.mediacites.fr\/sabonner\/\" target=\"_blank\" style=\"color:#fff\" rel=\"nofollow noopener\">vous abonner<\/a>\u00a0\u00a0!<\/p>\n<p>\t\tEn renseignant votre adresse, vous acceptez nos <a href=\"https:\/\/www.mediacites.fr\/conditions-generales-d-utilisation\/\" target=\"_blank\" rel=\"nofollow noopener\">conditions g\u00e9n\u00e9rales d\u2019utilisation<\/a>. <br \/>Mediacit\u00e9s s\u2019engage \u00e0 ne pas c\u00e9der votre adresse \u00e0 des tiers. En cas d\u2019\u00e9chec, \u00e9crivez \u00e0 <a href=\"https:\/\/www.mediacites.fr\/decryptage\/toulouse\/2025\/11\/17\/a-toulouse-la-palestine-sinvite-de-nouveau-dans-la-campagne-municipale\/mailto:contact@mediacites.fr\" rel=\"nofollow noopener\" target=\"_blank\">contact@mediacites.fr<\/a><\/p>\n<ul>\n<li>J\u2019acc\u00e8de aux 4 \u00e9ditions de Mediacit\u00e9s (Lille, Lyon, Nantes et Toulouse)<\/li>\n<li>Je d\u00e9couvre un m\u00e9dia 100 % ind\u00e9pendant, avec 0 % de publicit\u00e9<\/li>\n<\/ul>\n<p>Envie de lire la\u00a0suite\u202f?<\/p>\n<p>Depuis neuf ans, Mediacit\u00e9s enqu\u00eate en toute ind\u00e9pendance dans votre ville. Gr\u00e2ce \u00e0 ses lecteurs\u202f! Abonnez\u2010vous pour ne rien manquer de nos enqu\u00eates, suivre les \u00e9lections municipales et soutenir un journal local d\u2019investigation.<\/p>\n<ul>\n<li>Acc\u00e8s aux 4 \u00e9ditions de Mediacit\u00e9s (Lille, Lyon, Nantes et Toulouse)<\/li>\n<li>100 % ind\u00e9pendant, avec 0 % de publicit\u00e9<\/li>\n<li>R\u00e9siliation facile \u00e0 tout moment<\/li>\n<\/ul>\n<p>Mediacit\u00e9s offre l\u2019acc\u00e8s \u00e0 cet article aux lecteurs de News2Com<\/p>\n<p>Et \u00e0 toutes nos enqu\u00eates pendant deux jours\u00a0\u00a0! <br \/>Oui, on est g\u00e9n\u00e9reux \ud83d\ude09 Mais pensez aussi \u00e0 <a href=\"https:\/\/www.mediacites.fr\/sabonner\/\" target=\"_blank\" style=\"color:#fff\" rel=\"nofollow noopener\">vous abonner<\/a>\u00a0\u00a0!<\/p>\n<p>\t\tEn renseignant votre adresse, vous acceptez nos <a href=\"https:\/\/www.mediacites.fr\/conditions-generales-d-utilisation\/\" target=\"_blank\" rel=\"nofollow noopener\">conditions g\u00e9n\u00e9rales d\u2019utilisation<\/a>. <br \/>Mediacit\u00e9s s\u2019engage \u00e0 ne pas c\u00e9der votre adresse \u00e0 des tiers. En cas d\u2019\u00e9chec, \u00e9crivez \u00e0 <a href=\"https:\/\/www.mediacites.fr\/decryptage\/toulouse\/2025\/11\/17\/a-toulouse-la-palestine-sinvite-de-nouveau-dans-la-campagne-municipale\/mailto:contact@mediacites.fr\" rel=\"nofollow noopener\" target=\"_blank\">contact@mediacites.fr<\/a><\/p>\n<ul>\n<li>J\u2019acc\u00e8de aux 4 \u00e9ditions de Mediacit\u00e9s (Lille, Lyon, Nantes et Toulouse)<\/li>\n<li>Je d\u00e9couvre un m\u00e9dia 100 % ind\u00e9pendant, avec 0 % de publicit\u00e9<\/li>\n<\/ul>\n","protected":false},"excerpt":{"rendered":"Le 1er octobre dernier, sur le march\u00e9 d\u2019Empalot, \u00e0 Toulouse, Alexandre, un militant de LFI, tracte pour son&hellip;\n","protected":false},"author":2,"featured_media":541027,"comment_status":"","ping_status":"","sticky":false,"template":"","format":"standard","meta":{"footnotes":""},"categories":[2816],"tags":[1111,11,16403,1777,674,1011,27,12,2680,25,2312],"class_list":{"0":"post-541026","1":"post","2":"type-post","3":"status-publish","4":"format-standard","5":"has-post-thumbnail","7":"category-toulouse","8":"tag-actu","9":"tag-actualites","10":"tag-decryptage","11":"tag-eu","12":"tag-europe","13":"tag-fr","14":"tag-france","15":"tag-news","16":"tag-occitanie","17":"tag-republique-francaise","18":"tag-toulouse"},"share_on_mastodon":{"url":"https:\/\/pubeurope.com\/@fr\/115567016398621235","error":""},"_links":{"self":[{"href":"https:\/\/www.europesays.com\/fr\/wp-json\/wp\/v2\/posts\/541026","targetHints":{"allow":["GET"]}}],"collection":[{"href":"https:\/\/www.europesays.com\/fr\/wp-json\/wp\/v2\/posts"}],"about":[{"href":"https:\/\/www.europesays.com\/fr\/wp-json\/wp\/v2\/types\/post"}],"author":[{"embeddable":true,"href":"https:\/\/www.europesays.com\/fr\/wp-json\/wp\/v2\/users\/2"}],"replies":[{"embeddable":true,"href":"https:\/\/www.europesays.com\/fr\/wp-json\/wp\/v2\/comments?post=541026"}],"version-history":[{"count":0,"href":"https:\/\/www.europesays.com\/fr\/wp-json\/wp\/v2\/posts\/541026\/revisions"}],"wp:featuredmedia":[{"embeddable":true,"href":"https:\/\/www.europesays.com\/fr\/wp-json\/wp\/v2\/media\/541027"}],"wp:attachment":[{"href":"https:\/\/www.europesays.com\/fr\/wp-json\/wp\/v2\/media?parent=541026"}],"wp:term":[{"taxonomy":"category","embeddable":true,"href":"https:\/\/www.europesays.com\/fr\/wp-json\/wp\/v2\/categories?post=541026"},{"taxonomy":"post_tag","embeddable":true,"href":"https:\/\/www.europesays.com\/fr\/wp-json\/wp\/v2\/tags?post=541026"}],"curies":[{"name":"wp","href":"https:\/\/api.w.org\/{rel}","templated":true}]}}