{"id":541028,"date":"2025-11-17T20:51:11","date_gmt":"2025-11-17T20:51:11","guid":{"rendered":"https:\/\/www.europesays.com\/fr\/541028\/"},"modified":"2025-11-17T20:51:11","modified_gmt":"2025-11-17T20:51:11","slug":"toulouse-un-jeune-de-23-ans-grievement-blesse-apres-avoir-percute-un-poteau-en-scooter","status":"publish","type":"post","link":"https:\/\/www.europesays.com\/fr\/541028\/","title":{"rendered":"Toulouse. Un jeune de 23 ans gri\u00e8vement bless\u00e9 apr\u00e8s avoir percut\u00e9 un poteau en scooter"},"content":{"rendered":"<p>                    Par<br \/>\n        <strong><br \/>\n            <a href=\"https:\/\/actu.fr\/auteur\/lea-afonso\" title=\"Consulter tous les articles de L\u00e9a Afonso\" rel=\"nofollow noopener\" target=\"_blank\">L\u00e9a Afonso<\/a><br \/>\n                    <\/strong><\/p>\n<p>        Publi\u00e9 le<\/p>\n<p>            17 nov. 2025 \u00e0 20h32        <\/p>\n<p>Un jeune<strong> homme de 23\u00a0ans<\/strong> a \u00e9t\u00e9 pris en charge en urgence absolue ce lundi 17\u00a0novembre 2025, avenue des Minimes \u00e0 <a href=\"https:\/\/actu.fr\/toulouse\/\" rel=\"nofollow noopener\" target=\"_blank\">Toulouse<\/a>, apr\u00e8s un<strong> violent choc de son scooter contre un poteau m\u00e9tallique<\/strong>. Inconscient, il a \u00e9t\u00e9 transf\u00e9r\u00e9 vers un centre hospitalier. Une information r\u00e9v\u00e9l\u00e9e par nos confr\u00e8res de <a href=\"https:\/\/www.ladepeche.fr\/2025\/11\/17\/le-conducteur-du-scooter-roulait-sur-la-piste-cyclable-un-jeune-homme-entre-la-vie-et-la-mort-apres-une-collision-13056978.php\" rel=\"nofollow noopener\" target=\"_blank\">La D\u00e9p\u00eache<\/a>, qu\u2019Actu Toulouse est en mesure de confirmer.<\/p>\n<p>    <a href=\"https:\/\/www.google.com\/maps\/embed?pb=!1m18!1m12!1m3!1d5776.595543811827!2d1.432975077304471!3d43.621160954500716!2m3!1f0!2f0!3f0!3m2!1i1024!2i768!4f13.1!3m3!1m2!1s0x12aebb51b24d12eb%3A0x80ce7ec12b3e807f!2sAv.%20des%20Minimes%2C%2031200%20Toulouse!5e0!3m2!1sfr!2sfr!4v1763407669917!5m2!1sfr!2sfr\" title=\"Ouvrie le lien\" rel=\"nofollow noopener\" target=\"_blank\">Cliquez ici pour visualiser le contenu<\/a><\/p>\n<p>Un accident avenue des Minimes<\/p>\n<p class=\" wall-content\">Les sapeurs-pompiers du SDIS de la Haute-Garonne sont intervenus ce lundi,<strong> \u00e0 11h32, sur l\u2019avenue des Minimes<\/strong>, \u00e0 la suite d\u2019un grave accident impliquant un scooter. Selon les secours, un<strong> homme de 23\u00a0ans a violemment percut\u00e9 un poteau<\/strong> m\u00e9tallique alors qu\u2019il circulait dans le secteur \u00e0 bord de son scooter.<\/p>\n<p>La victime retrouv\u00e9e inconsciente<\/p>\n<p class=\" wall-content\">\u00c0 l\u2019arriv\u00e9e des pompiers, le jeune homme se trouvait <strong>inconscient<\/strong>. Les \u00e9quipes de secours ont imm\u00e9diatement pris en charge la victime avant de proc\u00e9der \u00e0 sa m\u00e9dicalisation sur place, compte tenu de la gravit\u00e9 de ses blessures.<\/p>\n<p>Transport\u00e9 en urgence absolue \u00e0 l\u2019h\u00f4pital<\/p>\n<p class=\" wall-content\">L\u2019homme de 23\u00a0ans a \u00e9t\u00e9<strong> transport\u00e9 en urgence absolue<\/strong> vers un centre hospitalier toulousain. Les circonstances exactes de l\u2019accident ne sont pour l\u2019instant pas connues.<\/p>\n<p>Vid\u00e9os : en ce moment sur Actu<\/p>\n<p class=\" wall-content\">Personnalisez votre actualit\u00e9 en ajoutant vos villes et m\u00e9dias en favori avec <a href=\"https:\/\/moncompte.actu.fr\" title=\"D\u00e9couvez Mon Actu\" rel=\"nofollow noopener\" data-trk=\"{&quot;cta&quot;:{&quot;action&quot;:&quot;https:\\\/\\\/moncompte.actu.fr&quot;,&quot;category&quot;:&quot;mon compte&quot;,&quot;from&quot;:&quot;article footer&quot;,&quot;name&quot;:&quot;Mon actu&quot;,&quot;type&quot;:&quot;cta&quot;}}\" target=\"_blank\">Mon Actu<\/a>.<\/p>\n","protected":false},"excerpt":{"rendered":"Par L\u00e9a Afonso Publi\u00e9 le 17 nov. 2025 \u00e0 20h32 Un jeune homme de 23\u00a0ans a \u00e9t\u00e9 pris&hellip;\n","protected":false},"author":2,"featured_media":541029,"comment_status":"","ping_status":"","sticky":false,"template":"","format":"standard","meta":{"footnotes":""},"categories":[2816],"tags":[119,1111,11,1777,674,118,1011,27,12,2680,1311,25,2312],"class_list":{"0":"post-541028","1":"post","2":"type-post","3":"status-publish","4":"format-standard","5":"has-post-thumbnail","7":"category-toulouse","8":"tag-accident","9":"tag-actu","10":"tag-actualites","11":"tag-eu","12":"tag-europe","13":"tag-faits-divers","14":"tag-fr","15":"tag-france","16":"tag-news","17":"tag-occitanie","18":"tag-pompiers","19":"tag-republique-francaise","20":"tag-toulouse"},"share_on_mastodon":{"url":"https:\/\/pubeurope.com\/@fr\/115567020224665900","error":""},"_links":{"self":[{"href":"https:\/\/www.europesays.com\/fr\/wp-json\/wp\/v2\/posts\/541028","targetHints":{"allow":["GET"]}}],"collection":[{"href":"https:\/\/www.europesays.com\/fr\/wp-json\/wp\/v2\/posts"}],"about":[{"href":"https:\/\/www.europesays.com\/fr\/wp-json\/wp\/v2\/types\/post"}],"author":[{"embeddable":true,"href":"https:\/\/www.europesays.com\/fr\/wp-json\/wp\/v2\/users\/2"}],"replies":[{"embeddable":true,"href":"https:\/\/www.europesays.com\/fr\/wp-json\/wp\/v2\/comments?post=541028"}],"version-history":[{"count":0,"href":"https:\/\/www.europesays.com\/fr\/wp-json\/wp\/v2\/posts\/541028\/revisions"}],"wp:featuredmedia":[{"embeddable":true,"href":"https:\/\/www.europesays.com\/fr\/wp-json\/wp\/v2\/media\/541029"}],"wp:attachment":[{"href":"https:\/\/www.europesays.com\/fr\/wp-json\/wp\/v2\/media?parent=541028"}],"wp:term":[{"taxonomy":"category","embeddable":true,"href":"https:\/\/www.europesays.com\/fr\/wp-json\/wp\/v2\/categories?post=541028"},{"taxonomy":"post_tag","embeddable":true,"href":"https:\/\/www.europesays.com\/fr\/wp-json\/wp\/v2\/tags?post=541028"}],"curies":[{"name":"wp","href":"https:\/\/api.w.org\/{rel}","templated":true}]}}