{"id":541030,"date":"2025-11-17T20:52:12","date_gmt":"2025-11-17T20:52:12","guid":{"rendered":"https:\/\/www.europesays.com\/fr\/541030\/"},"modified":"2025-11-17T20:52:12","modified_gmt":"2025-11-17T20:52:12","slug":"musique-les-etoiles-du-piano-brillent-de-nouveau-a-roubaix","status":"publish","type":"post","link":"https:\/\/www.europesays.com\/fr\/541030\/","title":{"rendered":"[Musique] \u00abLes Etoiles du Piano\u00bb brillent de nouveau \u00e0 Roubaix"},"content":{"rendered":"<p class=\"introduction\">Le concours international \u00ab\u00a0Les \u00e9toiles du piano\u00a0\u00bb est de retour \u00e0 Roubaix du 16 au 22 novembre 2025. Vous pourrez assister gratuitement aux auditions de virtuoses qui se d\u00e9roulent au Conservatoire de Roubaix, avant une soir\u00e9e de gala au Colis\u00e9e.<\/p>\n<p>Le <strong>Conservatoire de Roubaix<\/strong> accueille la <strong>5e \u00e9dition du concours international \u00ab Les \u00e9toiles du Piano \u00bb<\/strong>. Ce concours, qui vise \u00e0 promouvoir les talents en d\u00e9but de carri\u00e8re, s\u2019adresse aux jeunes pianistes de 18 \u00e0 32 ans, de toutes nationalit\u00e9s. Il pr\u00e9voit 45 000 \u20ac, comprenant 5 prix dont le 1er prix de 20 000 \u20ac.<\/p>\n<p>Auditions gratuites pour le public au Conservatoire<\/p>\n<p>Une trentaine de concurrents, venus des cinq continents, passeront les diff\u00e9rentes \u00e9tapes de s\u00e9lection, au Conservatoire de Roubaix, lors d\u2019<strong>auditions ouvertes gratuitement au public, en acc\u00e8s libre, tous les jours jusqu\u2019au 21 novembre 2025<\/strong>.<\/p>\n<p>L\u2019\u00e9preuve finale, vendredi 21, permettra aux 5 finalistes de se produire pendant 45 minutes avec l\u2019Orchestre de Picardie dirig\u00e9 par David Niemann. Le <a href=\"https:\/\/www.etoilesdupiano.fr\/copie-de-jury\" target=\"_blank\" rel=\"noopener\">jury du concours <\/a>rendra son verdict \u00e0 cette occasion.<\/p>\n<p>Une soir\u00e9e de gala avec l\u2019orchestre de Picardie au Colis\u00e9e<\/p>\n<p>Les six finalistes laur\u00e9ats du concours se produiront lors d\u2019une soir\u00e9e de gala le samedi 22 novembre 2025 \u00e0 20h au Colis\u00e9e de Roubaix.<\/p>\n<p>Trois se produiront en r\u00e9cital piano seul, trois avec l\u2019<a href=\"https:\/\/www.orchestredepicardie.fr\/\" target=\"_blank\" rel=\"noopener\">Orchestre de Picardie<\/a> sous la direction d\u2019Arie Van Beek. Une soir\u00e9e qui s\u2019annonce comme toujours exceptionnelle !<\/p>\n","protected":false},"excerpt":{"rendered":"Le concours international \u00ab\u00a0Les \u00e9toiles du piano\u00a0\u00bb est de retour \u00e0 Roubaix du 16 au 22 novembre 2025.&hellip;\n","protected":false},"author":2,"featured_media":541031,"comment_status":"","ping_status":"","sticky":false,"template":"","format":"standard","meta":{"footnotes":""},"categories":[2815],"tags":[1111,11,23076,27905,65905,1777,674,1011,27,811,1307,873,12,25],"class_list":{"0":"post-541030","1":"post","2":"type-post","3":"status-publish","4":"format-standard","5":"has-post-thumbnail","7":"category-lille","8":"tag-actu","9":"tag-actualites","10":"tag-colisee","11":"tag-conservatoire","12":"tag-etoiles-du-piano","13":"tag-eu","14":"tag-europe","15":"tag-fr","16":"tag-france","17":"tag-hauts-de-france","18":"tag-lille","19":"tag-musique","20":"tag-news","21":"tag-republique-francaise"},"share_on_mastodon":{"url":"https:\/\/pubeurope.com\/@fr\/115567024213983605","error":""},"_links":{"self":[{"href":"https:\/\/www.europesays.com\/fr\/wp-json\/wp\/v2\/posts\/541030","targetHints":{"allow":["GET"]}}],"collection":[{"href":"https:\/\/www.europesays.com\/fr\/wp-json\/wp\/v2\/posts"}],"about":[{"href":"https:\/\/www.europesays.com\/fr\/wp-json\/wp\/v2\/types\/post"}],"author":[{"embeddable":true,"href":"https:\/\/www.europesays.com\/fr\/wp-json\/wp\/v2\/users\/2"}],"replies":[{"embeddable":true,"href":"https:\/\/www.europesays.com\/fr\/wp-json\/wp\/v2\/comments?post=541030"}],"version-history":[{"count":0,"href":"https:\/\/www.europesays.com\/fr\/wp-json\/wp\/v2\/posts\/541030\/revisions"}],"wp:featuredmedia":[{"embeddable":true,"href":"https:\/\/www.europesays.com\/fr\/wp-json\/wp\/v2\/media\/541031"}],"wp:attachment":[{"href":"https:\/\/www.europesays.com\/fr\/wp-json\/wp\/v2\/media?parent=541030"}],"wp:term":[{"taxonomy":"category","embeddable":true,"href":"https:\/\/www.europesays.com\/fr\/wp-json\/wp\/v2\/categories?post=541030"},{"taxonomy":"post_tag","embeddable":true,"href":"https:\/\/www.europesays.com\/fr\/wp-json\/wp\/v2\/tags?post=541030"}],"curies":[{"name":"wp","href":"https:\/\/api.w.org\/{rel}","templated":true}]}}