{"id":541034,"date":"2025-11-17T20:54:12","date_gmt":"2025-11-17T20:54:12","guid":{"rendered":"https:\/\/www.europesays.com\/fr\/541034\/"},"modified":"2025-11-17T20:54:12","modified_gmt":"2025-11-17T20:54:12","slug":"a-marseille-la-nouvelle-reglementation-anti-airbnb-porte-ses-premiers-fruits","status":"publish","type":"post","link":"https:\/\/www.europesays.com\/fr\/541034\/","title":{"rendered":"\u00e0 Marseille, la nouvelle r\u00e9glementation anti-Airbnb porte ses premiers fruits"},"content":{"rendered":"<p>R\u00e9duire la dur\u00e9e de location des r\u00e9sidences principales, lib\u00e9rer l\u2019espace public des bo\u00eetes \u00e0 cl\u00e9s, <a href=\"https:\/\/www.laprovence.com\/article\/region\/1008231688861314\/airbnb-en-assignant-quatre-multiproprietaires-lundi-devant-la-justice-la-ville-de-marseille-hausse-le-ton\" target=\"_blank\" rel=\"noopener\">assigner les multipropri\u00e9taires<\/a> qui contournent les r\u00e8gles\u2026 Marseille, <a href=\"https:\/\/www.laprovence.com\/article\/region\/6439204717944114\/info-la-provence-la-ville-de-marseille-reduit-la-duree-de-location-autorisee-des-residences-principales-sur-airbnb\" target=\"_blank\" rel=\"noopener\">o\u00f9 Airbnb rencontre une r\u00e9elle opposition<\/a>, se positionne comme l\u2019une des communes les plus restrictives sur la l\u00e9gislation anti-Airbnb. Dans cette m\u00eame dynamique, la municipalit\u00e9 avait fait adopter, fin f\u00e9vrier en conseil m\u00e9tropolitain, le principe de la compensation d\u00e8s le premier bien lou\u00e9 en meubl\u00e9 de tourisme.<\/p>\n<p><a href=\"https:\/\/www.laprovence.com\/article\/region\/3537143679115214\/lois-anti-airbnb-a-marseille-ces-proprietaires-qui-arretent-le-meuble-de-tourisme-ou-contournent-les-regles\" target=\"_blank\" rel=\"noopener\">Une mesure entr\u00e9e en vigueur le 29\u00a0avril dernier<\/a> qui r\u00e9sulte d\u2019un durcissement progressif de la l\u00e9gislation\u00a0: avant\u00a02021, un propri\u00e9taire pouvait louer sans compenser cinq biens en meubl\u00e9 de tourisme, chacun disposant d\u2019une autorisation renouvelable de six ans\u00a0; apr\u00e8s 2021, la premi\u00e8re location touristique \u00e9tait, pour une dur\u00e9e renouvelable de quatre ans, dispens\u00e9e de compensation pendant 4\u00a0ans.<\/p>\n<p>Depuis six mois, pour pouvoir proposer un logement sur Airbnb, m\u00eame pour une nuit, il faut donc d\u00e9sormais cr\u00e9er un logement de superficie \u00e9gale dans le m\u00eame secteur, en transformant un local commercial et en le louant en longue dur\u00e9e.<\/p>\n<p>\u00ab\u00a0Les effets sont d\u00e9j\u00e0 visibles, assure Patrick Amico, adjoint (GRS) au maire en c&#8230;<\/p>\n","protected":false},"excerpt":{"rendered":"R\u00e9duire la dur\u00e9e de location des r\u00e9sidences principales, lib\u00e9rer l\u2019espace public des bo\u00eetes \u00e0 cl\u00e9s, assigner les multipropri\u00e9taires&hellip;\n","protected":false},"author":2,"featured_media":541035,"comment_status":"","ping_status":"","sticky":false,"template":"","format":"standard","meta":{"footnotes":""},"categories":[2814],"tags":[17,1111,11,12008,1102,65907,154,65908,1777,674,1011,27,884,12,7910,882,3837,16,25],"class_list":{"0":"post-541034","1":"post","2":"type-post","3":"status-publish","4":"format-standard","5":"has-post-thumbnail","7":"category-marseille","8":"tag-17","9":"tag-actu","10":"tag-actualites","11":"tag-bien","12":"tag-breakingnews","13":"tag-compensation","14":"tag-des","15":"tag-efficacite","16":"tag-eu","17":"tag-europe","18":"tag-fr","19":"tag-france","20":"tag-marseille","21":"tag-news","22":"tag-premier","23":"tag-provence-alpes-cote-dazur","24":"tag-quelle","25":"tag-region","26":"tag-republique-francaise"},"share_on_mastodon":{"url":"https:\/\/pubeurope.com\/@fr\/115567032035112600","error":""},"_links":{"self":[{"href":"https:\/\/www.europesays.com\/fr\/wp-json\/wp\/v2\/posts\/541034","targetHints":{"allow":["GET"]}}],"collection":[{"href":"https:\/\/www.europesays.com\/fr\/wp-json\/wp\/v2\/posts"}],"about":[{"href":"https:\/\/www.europesays.com\/fr\/wp-json\/wp\/v2\/types\/post"}],"author":[{"embeddable":true,"href":"https:\/\/www.europesays.com\/fr\/wp-json\/wp\/v2\/users\/2"}],"replies":[{"embeddable":true,"href":"https:\/\/www.europesays.com\/fr\/wp-json\/wp\/v2\/comments?post=541034"}],"version-history":[{"count":0,"href":"https:\/\/www.europesays.com\/fr\/wp-json\/wp\/v2\/posts\/541034\/revisions"}],"wp:featuredmedia":[{"embeddable":true,"href":"https:\/\/www.europesays.com\/fr\/wp-json\/wp\/v2\/media\/541035"}],"wp:attachment":[{"href":"https:\/\/www.europesays.com\/fr\/wp-json\/wp\/v2\/media?parent=541034"}],"wp:term":[{"taxonomy":"category","embeddable":true,"href":"https:\/\/www.europesays.com\/fr\/wp-json\/wp\/v2\/categories?post=541034"},{"taxonomy":"post_tag","embeddable":true,"href":"https:\/\/www.europesays.com\/fr\/wp-json\/wp\/v2\/tags?post=541034"}],"curies":[{"name":"wp","href":"https:\/\/api.w.org\/{rel}","templated":true}]}}