{"id":541038,"date":"2025-11-17T20:56:29","date_gmt":"2025-11-17T20:56:29","guid":{"rendered":"https:\/\/www.europesays.com\/fr\/541038\/"},"modified":"2025-11-17T20:56:29","modified_gmt":"2025-11-17T20:56:29","slug":"ce-quon-a-de-mieux-pour-le-moment","status":"publish","type":"post","link":"https:\/\/www.europesays.com\/fr\/541038\/","title":{"rendered":"\u201cCe qu&rsquo;on a de mieux pour le moment\u201d"},"content":{"rendered":"<p>Alors qu\u2019elle s\u2019appr\u00eate \u00e0 f\u00eater d\u00e8s 180 ans en d\u00e9cembre, la SPA, qui compte 817 salari\u00e9s et plus de 6000 b\u00e9n\u00e9voles r\u00e9partis sur un total de 64 refuges en France, r\u00e9cup\u00e8re environ 45 000 animaux chaque ann\u00e9e.<\/p>\n<p>\u00c0 Lyon, son nouveau dispensaire a ouvert en septembre dans le 3e arrondissement de Lyon vient d\u2019\u00eatre inaugur\u00e9 en ce lundi 17 novembre. Une r\u00e9ception a \u00e9t\u00e9 organis\u00e9e et plusieurs discours ont eu lieu.<\/p>\n<p><strong>Un nouveau dispensaire \u201cabsolument essentiel\u201d<\/strong><\/p>\n<p>Jean-Charles Fombonne, pr\u00e9sident de la SPA depuis 2018, a d\u2019abord rappel\u00e9 que l\u2019association vivait d\u2019abord gr\u00e2ce \u00e0 la \u201cg\u00e9n\u00e9rosit\u00e9 du public et de la participation des collectivit\u00e9s territoriales\u201d. En effet, la R\u00e9gion Auvergne-Rh\u00f4ne-Alpes a investi 200 000 euros sur les 767 000 euros d\u00e9pens\u00e9s pour la cr\u00e9ation de nouveau dispensaire.<\/p>\n<p>L\u2019an dernier, ce furent 8955 animaux qui ont \u00e9t\u00e9 trait\u00e9s et soign\u00e9s \u00e0 Lyon. Un nouveau dispensaire \u00e9tait donc\u00a0\u201cabsolument essentiel\u201d pour Fabrice Pannekoucke, pr\u00e9sident de la R\u00e9gion.<\/p>\n<p>Le nouvel \u00e9tablissement de la SPA, enfin op\u00e9rationnel, r\u00e9sulte \u201cde dix ann\u00e9es d\u2019attente, de patience, et de frustration\u201d, d\u00e9clare St\u00e9phanie Arlenson, responsable du dispensaire. Jean-Charles Fombonne ajoute que ces nouveaux locaux symbolisent\u00a0\u201cce qu&rsquo;on a de mieux pour le moment \u00e0 la SPA\u201d.<\/p>\n<p><img loading=\"lazy\" decoding=\"async\" style=\"display: block; margin-left: auto; margin-right: auto;\" src=\"https:\/\/www.europesays.com\/fr\/wp-content\/uploads\/2025\/11\/whatsapp-image-2025-11-17-at-15-20-11-1-27278.jpeg\" alt=\"\" width=\"600\" height=\"450\"\/><\/p>\n<p>Avec 190 m\u00b2 de superficie, tr\u00e8s moderne et compos\u00e9e de deux salles de consultation, une salle pr\u00e9op\u00e9ratoire, une salle d\u2019isolement, une salle de chirurgie et deux salles de r\u00e9veil. Marion Sessiecq, maire du 3e arrondissement, venue repr\u00e9senter la Ville de Lyon qui a \u00e9galement \u0153uvr\u00e9 \u00e0 l\u2019ouverture de ce dispensaire, annonce que le site \u201cest deux fois plus grand que l\u2019ancien site\u201d.<\/p>\n<p>\u00c9quip\u00e9e d\u2019une climatisation, d\u2019un espace d\u00e9di\u00e9 au salari\u00e9 et d\u2019un bureau de la responsable, l\u2019\u00e9tablissement est bien plus fonctionnel. Un nouveau v\u00e9t\u00e9rinaire et un auxiliaire sp\u00e9cialis\u00e9 v\u00e9t\u00e9rinaire devraient \u00eatre prochainement recrut\u00e9s.<\/p>\n<p>Si le dispensaire traite trois fois plus de chats que de chiens \u00e0 Lyon, le seul animal pr\u00e9sent sur le site au moment de l\u2019inauguration \u00e9tait un rat, souffrant.<\/p>\n","protected":false},"excerpt":{"rendered":"Alors qu\u2019elle s\u2019appr\u00eate \u00e0 f\u00eater d\u00e8s 180 ans en d\u00e9cembre, la SPA, qui compte 817 salari\u00e9s et plus&hellip;\n","protected":false},"author":2,"featured_media":541039,"comment_status":"","ping_status":"","sticky":false,"template":"","format":"standard","meta":{"footnotes":""},"categories":[1889],"tags":[1111,11,2813,2190,2430,1109,251,1112,2811,1777,674,118,1011,27,1922,1110,1114,2428,2810,12,241,316,25,2812,517,800],"class_list":{"0":"post-541038","1":"post","2":"type-post","3":"status-publish","4":"format-standard","5":"has-post-thumbnail","7":"category-lyon","8":"tag-actu","9":"tag-actualites","10":"tag-article","11":"tag-asvel","12":"tag-auvergne-rhone-alpes","13":"tag-breves","14":"tag-culture","15":"tag-depeches","16":"tag-economique","17":"tag-eu","18":"tag-europe","19":"tag-faits-divers","20":"tag-fr","21":"tag-france","22":"tag-info","23":"tag-informations","24":"tag-infos","25":"tag-lyon","26":"tag-lyonmag","27":"tag-news","28":"tag-ol","29":"tag-politique","30":"tag-republique-francaise","31":"tag-sociale","32":"tag-sport","33":"tag-transports"},"share_on_mastodon":{"url":"https:\/\/pubeurope.com\/@fr\/115567040613113009","error":""},"_links":{"self":[{"href":"https:\/\/www.europesays.com\/fr\/wp-json\/wp\/v2\/posts\/541038","targetHints":{"allow":["GET"]}}],"collection":[{"href":"https:\/\/www.europesays.com\/fr\/wp-json\/wp\/v2\/posts"}],"about":[{"href":"https:\/\/www.europesays.com\/fr\/wp-json\/wp\/v2\/types\/post"}],"author":[{"embeddable":true,"href":"https:\/\/www.europesays.com\/fr\/wp-json\/wp\/v2\/users\/2"}],"replies":[{"embeddable":true,"href":"https:\/\/www.europesays.com\/fr\/wp-json\/wp\/v2\/comments?post=541038"}],"version-history":[{"count":0,"href":"https:\/\/www.europesays.com\/fr\/wp-json\/wp\/v2\/posts\/541038\/revisions"}],"wp:featuredmedia":[{"embeddable":true,"href":"https:\/\/www.europesays.com\/fr\/wp-json\/wp\/v2\/media\/541039"}],"wp:attachment":[{"href":"https:\/\/www.europesays.com\/fr\/wp-json\/wp\/v2\/media?parent=541038"}],"wp:term":[{"taxonomy":"category","embeddable":true,"href":"https:\/\/www.europesays.com\/fr\/wp-json\/wp\/v2\/categories?post=541038"},{"taxonomy":"post_tag","embeddable":true,"href":"https:\/\/www.europesays.com\/fr\/wp-json\/wp\/v2\/tags?post=541038"}],"curies":[{"name":"wp","href":"https:\/\/api.w.org\/{rel}","templated":true}]}}