{"id":541042,"date":"2025-11-17T20:59:11","date_gmt":"2025-11-17T20:59:11","guid":{"rendered":"https:\/\/www.europesays.com\/fr\/541042\/"},"modified":"2025-11-17T20:59:11","modified_gmt":"2025-11-17T20:59:11","slug":"bientot-un-nouveau-jingle-dans-les-metros-et-bus-parisiens","status":"publish","type":"post","link":"https:\/\/www.europesays.com\/fr\/541042\/","title":{"rendered":"Bient\u00f4t un nouveau jingle dans les m\u00e9tros et bus parisiens"},"content":{"rendered":"\n<p>Taaa tadidadida. Introduites par des arp\u00e8ges de guitare depuis 2005,<a href=\"https:\/\/youtu.be\/hbQsEDkP3P4?\" target=\"_blank\" rel=\"noopener\" title=\"Nouvelle fen\u00eatre\"> les annonces RATP<\/a> sont bien connues des utilisateurs des autobus et m\u00e9tros franciliens. Mais selon nos informations, ils vont devoir s\u2019habituer \u00e0 un nouveau jingle. Une toute nouvelle\u00a0musique va progressivement appara\u00eetre \u00e0 partir de la mi-janvier. Son d\u00e9ploiement s\u2019\u00e9talera jusqu\u2019au 1er\u00a0juillet, toujours pour rappeler de faire attention \u00e0 la marche, de surveiller ses bagages ou pour signaler un incident sur la ligne. C\u2019est \u00cele-de-France Mobilit\u00e9s (IDFM) qui impose\u00a0cette nouvelle identit\u00e9 sonore unique sur l\u2019ensemble du r\u00e9seau de transports de la r\u00e9gion, la RATP perdant la main. Elle a \u00e9t\u00e9 con\u00e7ue et r\u00e9alis\u00e9e par la \u00ab\u00a0maison de production sonore\u00a0\u00bb Chez Jean, apr\u00e8s une s\u00e9lection op\u00e9r\u00e9e par un jury compos\u00e9 de repr\u00e9sentants d\u2019IDFM, de la RATP et de la SNCF. En 2005, c\u2019\u00e9tait l\u2019agence Sixi\u00e8me Son qui avait r\u00e9alis\u00e9 la \u00ab\u00a0java r\u00e9invent\u00e9e\u00a0\u00bb de la RATP.<\/p>\n","protected":false},"excerpt":{"rendered":"Taaa tadidadida. Introduites par des arp\u00e8ges de guitare depuis 2005, les annonces RATP sont bien connues des utilisateurs&hellip;\n","protected":false},"author":2,"featured_media":541043,"comment_status":"","ping_status":"","sticky":false,"template":"","format":"standard","meta":{"footnotes":""},"categories":[1592],"tags":[1111,11,1777,674,1011,27,21594,662,12,626,625,25,2215],"class_list":{"0":"post-541042","1":"post","2":"type-post","3":"status-publish","4":"format-standard","5":"has-post-thumbnail","7":"category-ile-de-france","8":"tag-actu","9":"tag-actualites","10":"tag-eu","11":"tag-europe","12":"tag-fr","13":"tag-france","14":"tag-idfm","15":"tag-ile-de-france","16":"tag-news","17":"tag-paris","18":"tag-ratp","19":"tag-republique-francaise","20":"tag-sncf"},"share_on_mastodon":{"url":"https:\/\/pubeurope.com\/@fr\/115567051789661865","error":""},"_links":{"self":[{"href":"https:\/\/www.europesays.com\/fr\/wp-json\/wp\/v2\/posts\/541042","targetHints":{"allow":["GET"]}}],"collection":[{"href":"https:\/\/www.europesays.com\/fr\/wp-json\/wp\/v2\/posts"}],"about":[{"href":"https:\/\/www.europesays.com\/fr\/wp-json\/wp\/v2\/types\/post"}],"author":[{"embeddable":true,"href":"https:\/\/www.europesays.com\/fr\/wp-json\/wp\/v2\/users\/2"}],"replies":[{"embeddable":true,"href":"https:\/\/www.europesays.com\/fr\/wp-json\/wp\/v2\/comments?post=541042"}],"version-history":[{"count":0,"href":"https:\/\/www.europesays.com\/fr\/wp-json\/wp\/v2\/posts\/541042\/revisions"}],"wp:featuredmedia":[{"embeddable":true,"href":"https:\/\/www.europesays.com\/fr\/wp-json\/wp\/v2\/media\/541043"}],"wp:attachment":[{"href":"https:\/\/www.europesays.com\/fr\/wp-json\/wp\/v2\/media?parent=541042"}],"wp:term":[{"taxonomy":"category","embeddable":true,"href":"https:\/\/www.europesays.com\/fr\/wp-json\/wp\/v2\/categories?post=541042"},{"taxonomy":"post_tag","embeddable":true,"href":"https:\/\/www.europesays.com\/fr\/wp-json\/wp\/v2\/tags?post=541042"}],"curies":[{"name":"wp","href":"https:\/\/api.w.org\/{rel}","templated":true}]}}