{"id":541044,"date":"2025-11-17T21:00:15","date_gmt":"2025-11-17T21:00:15","guid":{"rendered":"https:\/\/www.europesays.com\/fr\/541044\/"},"modified":"2025-11-17T21:00:15","modified_gmt":"2025-11-17T21:00:15","slug":"le-bhv-et-les-ex-galeries-lafayette-hors-de-paris-plombes-financierement-liberation","status":"publish","type":"post","link":"https:\/\/www.europesays.com\/fr\/541044\/","title":{"rendered":"Le BHV et les ex-Galeries Lafayette hors de Paris plomb\u00e9s financi\u00e8rement \u2013 Lib\u00e9ration"},"content":{"rendered":"<p class=\"sc-cPiKLX AiZTS text-element\">Apr\u00e8s la pol\u00e9mique sur l\u2019arriv\u00e9e de la plateforme d\u2019ultra fast-fashion <a href=\"https:\/\/www.liberation.fr\/economie\/conso\/le-patron-du-bhv-annonce-le-report-de-louverture-des-5-magasins-shein-en-region-sans-nouvelle-date-20251114_K7TJY7CQJBF57OHBNWP7UVJZBQ\/\" target=\"_blank\" rel=\"nofollow noopener\" title=\"https:\/\/www.liberation.fr\/economie\/conso\/le-patron-du-bhv-annonce-le-report-de-louverture-des-5-magasins-shein-en-region-sans-nouvelle-date-20251114_K7TJY7CQJBF57OHBNWP7UVJZBQ\/\">Shein au magasin parisien le Bazar de l\u2019h\u00f4tel de ville<\/a> (BHV), l\u2019heure des comptes a sonn\u00e9. Ce magasin parisien est certes l\u2019une des entit\u00e9s majeures du groupe : la Soci\u00e9t\u00e9 des grands magasins (SGM) dirig\u00e9 par Fr\u00e9d\u00e9ric Merlin. Cependant, figurent \u00e9galement dans le patrimoine de cette entreprise, dix galeries commerciales et sept ex-Galeries Lafayette situ\u00e9es en r\u00e9gion (Reims, Dijon, Orl\u00e9ans, Angers, Le Mans, Grenoble, Limoges) qui n\u2019ont plus le droit de porter ce nom. Le d\u00e9crochage physique des enseignes sur les devantures a d\u2019ailleurs commenc\u00e9 depuis une semaine.<\/p>\n<p class=\"sc-cPiKLX AiZTS text-element\">La maison m\u00e8re parisienne des Galeries Lafayette a peu appr\u00e9ci\u00e9 l\u2019arriv\u00e9e programm\u00e9e de Shein dans ces magasins et a rompu l\u2019accord de franchise qui permettait \u00e0 Fr\u00e9d\u00e9ric Merlin de les exploiter sous ce nom. Ils vont donc, \u00e0 l\u2019avenir, passer sous la banni\u00e8re BHV. Quant \u00e0 l\u2019<a href=\"https:\/\/www.liberation.fr\/economie\/conso\/magasins-shein-en-dehors-de-paris-les-elus-ralent-mais-les-commercants-veulent-y-croire-20251110_6BXNWIZUJ5H6VHS3WZO3MKH3EI\/\" target=\"_b&lt;\/p&gt;&lt;\/div&gt;&lt;\/article&gt;&lt;\/div&gt;&lt;div data-fusion-lazy-id=\" f0f8vgvlad832fw=\"\" rel=\"nofollow noopener\"><\/p>\n","protected":false},"excerpt":{"rendered":"Apr\u00e8s la pol\u00e9mique sur l\u2019arriv\u00e9e de la plateforme d\u2019ultra fast-fashion Shein au magasin parisien le Bazar de l\u2019h\u00f4tel&hellip;\n","protected":false},"author":2,"featured_media":541045,"comment_status":"","ping_status":"","sticky":false,"template":"","format":"standard","meta":{"footnotes":""},"categories":[1888],"tags":[1111,1928,11,1927,1777,674,1011,27,4238,12,1926,626,1925,25],"class_list":{"0":"post-541044","1":"post","2":"type-post","3":"status-publish","4":"format-standard","5":"has-post-thumbnail","7":"category-paris","8":"tag-actu","9":"tag-actu-paris","10":"tag-actualites","11":"tag-actualites-paris","12":"tag-eu","13":"tag-europe","14":"tag-fr","15":"tag-france","16":"tag-galeries-lafayette","17":"tag-news","18":"tag-news-paris","19":"tag-paris","20":"tag-paris-news","21":"tag-republique-francaise"},"share_on_mastodon":{"url":"https:\/\/pubeurope.com\/@fr\/115567055541993201","error":""},"_links":{"self":[{"href":"https:\/\/www.europesays.com\/fr\/wp-json\/wp\/v2\/posts\/541044","targetHints":{"allow":["GET"]}}],"collection":[{"href":"https:\/\/www.europesays.com\/fr\/wp-json\/wp\/v2\/posts"}],"about":[{"href":"https:\/\/www.europesays.com\/fr\/wp-json\/wp\/v2\/types\/post"}],"author":[{"embeddable":true,"href":"https:\/\/www.europesays.com\/fr\/wp-json\/wp\/v2\/users\/2"}],"replies":[{"embeddable":true,"href":"https:\/\/www.europesays.com\/fr\/wp-json\/wp\/v2\/comments?post=541044"}],"version-history":[{"count":0,"href":"https:\/\/www.europesays.com\/fr\/wp-json\/wp\/v2\/posts\/541044\/revisions"}],"wp:featuredmedia":[{"embeddable":true,"href":"https:\/\/www.europesays.com\/fr\/wp-json\/wp\/v2\/media\/541045"}],"wp:attachment":[{"href":"https:\/\/www.europesays.com\/fr\/wp-json\/wp\/v2\/media?parent=541044"}],"wp:term":[{"taxonomy":"category","embeddable":true,"href":"https:\/\/www.europesays.com\/fr\/wp-json\/wp\/v2\/categories?post=541044"},{"taxonomy":"post_tag","embeddable":true,"href":"https:\/\/www.europesays.com\/fr\/wp-json\/wp\/v2\/tags?post=541044"}],"curies":[{"name":"wp","href":"https:\/\/api.w.org\/{rel}","templated":true}]}}