{"id":541050,"date":"2025-11-17T21:04:11","date_gmt":"2025-11-17T21:04:11","guid":{"rendered":"https:\/\/www.europesays.com\/fr\/541050\/"},"modified":"2025-11-17T21:04:11","modified_gmt":"2025-11-17T21:04:11","slug":"sept-personnes-mises-en-examen-a-paris","status":"publish","type":"post","link":"https:\/\/www.europesays.com\/fr\/541050\/","title":{"rendered":"sept personnes mises en examen \u00e0 Paris"},"content":{"rendered":"<p>L&rsquo;affaire a d\u00e9marr\u00e9, publiquement, il y a une semaine \u00e0 peine.<\/p>\n<p>Huit personnes ont \u00e9t\u00e9 plac\u00e9es en garde \u00e0 vue \u00e0 Ajaccio dans le cadre d&rsquo;une enqu\u00eate pour trafic de drogue, le lundi 10 novembre. Mais contrairement \u00e0 la majorit\u00e9 des arrestations en mati\u00e8re de stup\u00e9fiants, celles-ci s&rsquo;inscrivent dans une enqu\u00eate plus vaste, qui trouve son origine \u00e0 Paris. C&rsquo;est d&rsquo;ailleurs un magistrat de la capitale qui est charg\u00e9 de mener les investigations.<\/p>\n<p>C&rsquo;est donc \u00e0 Paris que les sept personnes suspect\u00e9es d&rsquo;avoir particip\u00e9 \u00e0 ce trafic &#8211; la huiti\u00e8me a \u00e9t\u00e9 remise en libert\u00e9 sans qu&rsquo;aucune charge ne soit retenue \u00e0 son encontre &#8211; ont \u00e9t\u00e9 entendues devant le juge d&rsquo;instruction, ce lundi 17\u00a0novembre, apr\u00e8s avoir \u00e9t\u00e9 plac\u00e9es en d\u00e9tention en Corse vendredi dans l&rsquo;attente de leur transfert.<\/p>\n<p>Mises en examen et incarc\u00e9rations \u00e0 Paris<\/p>\n<p>Julien Leca, Nicolas Tannous, Jean-Fran\u00e7ois Cau, Ga\u00ebl Bruckert, Patrick Ros, Jessica Pala et Morgane Gaffori ont \u00e9t\u00e9 mis en examen \u00e0 la suite de ces pr\u00e9sentations. \u00c0 l\u2019exception de cette derni\u00e8re, qui a \u00e9t\u00e9 laiss\u00e9e libre \u00e0 l&rsquo;issue de son interrogatoire, tous devaient \u00eatre confront\u00e9s \u00e0 un juge des libert\u00e9s et de la d\u00e9tention qui devait statuer sur leur possible incarc\u00e9ration.<\/p>\n<p>En fin de soir\u00e9e, ils n&rsquo;avaient pas tous \u00e9t\u00e9 fix\u00e9s sur ce point. Julien Leca a \u00e9t\u00e9 incarc\u00e9r\u00e9 en fin de journ\u00e9e alors que Nicolas Tannous a, lui, sollicit\u00e9 un d\u00e9lai afin de pr\u00e9senter diverses garanties de repr\u00e9sentation. Il a \u00e9t\u00e9 plac\u00e9 en d\u00e9tention en attendant.<\/p>\n<p>Si l&rsquo;avocat du premier n&rsquo;a pu \u00eatre joint, Me Anna-Maria Sollacaro, avocate du second, a conc\u00e9d\u00e9 une br\u00e8ve communication\u00a0: \u00ab\u00a0Je rappelle simplement qu&rsquo;il est totalement inconnu des services de police et de justice pour des infractions de ce type. Je note \u00e9galement que les \u00e9l\u00e9ments expos\u00e9s ne permettent pas une mise en examen. Au sens strict des textes, qui commandent de mat\u00e9rialiser l&rsquo;existence d&rsquo;indices graves et concordants, on s&rsquo;interroge sur cette d\u00e9cision\u00a0\u00bb.<\/p>\n<p>M\u00eame analyse du c\u00f4t\u00e9 de l&rsquo;avocat de Ga\u00ebl Bruckert, Me Michal Solinski. \u00ab\u00a0Je m&rsquo;\u00e9tonne de cette d\u00e9cision au regard de la faiblesse des \u00e9l\u00e9ments du dossier\u00a0\u00bb, commente-t-il.<\/p>\n<p>Me Marie-H\u00e9l\u00e8ne Casanova-Servas, qui intervient aux int\u00e9r\u00eats de Jean-Fran\u00e7ois Cau aux c\u00f4t\u00e9s de Me Antoine Vinier-Orsetti, esp\u00e8re une lib\u00e9ration prochaine\u00a0: \u00ab\u00a0Notre client n&rsquo;a pas d&rsquo;ant\u00e9c\u00e9dent judiciaire. Il s&rsquo;est expliqu\u00e9 et a vivement contest\u00e9 les infractions les plus graves qui lui sont reproch\u00e9es\u00a0\u00bb.<\/p>\n<p>Me Jean-Fran\u00e7ois Casalta n&rsquo;a pas souhait\u00e9 s&rsquo;exprimer \u00e0 la suite de la mise en examen de sa cliente, Jessica Pala, qui a \u00e9t\u00e9 laiss\u00e9e libre sous contr\u00f4le judiciaire. Il indique n\u00e9anmoins qu&rsquo;elle est \u00ab\u00a0contente de retrouver son cadre familial\u00a0\u00bb.<\/p>\n<p>Les conseils de Patrick Ros et de Morgane Gaffori n&rsquo;ont pu \u00eatre contact\u00e9s.<\/p>\n<p>Un volet blanchiment d&rsquo;argent en bande organis\u00e9e<\/p>\n<p>Pour les d\u00e9tails de l&rsquo;enqu\u00eate, aucune communication n&rsquo;a \u00e9t\u00e9 conc\u00e9d\u00e9e par les autorit\u00e9s parisiennes. C&rsquo;est \u00e0 peine si l&rsquo;on confirme que ce dossier a \u00e9galement connu une avanc\u00e9e en d\u00e9but de semaine derni\u00e8re.<\/p>\n<p>Selon nos informations, plusieurs personnes ont aussi \u00e9t\u00e9 appr\u00e9hend\u00e9es \u00e0 Paris dans la m\u00eame affaire, elles seraient \u00e9galement concern\u00e9es par un aspect financier avec notamment des infractions de blanchiment d&rsquo;argent en bande organis\u00e9e, en plus des infractions \u00e0 la l\u00e9gislation sur les stup\u00e9fiants.<\/p>\n","protected":false},"excerpt":{"rendered":"L&rsquo;affaire a d\u00e9marr\u00e9, publiquement, il y a une semaine \u00e0 peine. Huit personnes ont \u00e9t\u00e9 plac\u00e9es en garde&hellip;\n","protected":false},"author":2,"featured_media":541051,"comment_status":"","ping_status":"","sticky":false,"template":"","format":"standard","meta":{"footnotes":""},"categories":[1888],"tags":[17,11,1102,1052,1777,674,5061,274,1011,27,5060,12,626,3744,25,2559,1097],"class_list":{"0":"post-541050","1":"post","2":"type-post","3":"status-publish","4":"format-standard","5":"has-post-thumbnail","7":"category-paris","8":"tag-17","9":"tag-actualites","10":"tag-breakingnews","11":"tag-drogue","12":"tag-eu","13":"tag-europe","14":"tag-examen","15":"tag-faits-divers-justice","16":"tag-fr","17":"tag-france","18":"tag-mises","19":"tag-news","20":"tag-paris","21":"tag-personnes","22":"tag-republique-francaise","23":"tag-sept","24":"tag-trafic"},"share_on_mastodon":{"url":"https:\/\/pubeurope.com\/@fr\/115567071470227902","error":""},"_links":{"self":[{"href":"https:\/\/www.europesays.com\/fr\/wp-json\/wp\/v2\/posts\/541050","targetHints":{"allow":["GET"]}}],"collection":[{"href":"https:\/\/www.europesays.com\/fr\/wp-json\/wp\/v2\/posts"}],"about":[{"href":"https:\/\/www.europesays.com\/fr\/wp-json\/wp\/v2\/types\/post"}],"author":[{"embeddable":true,"href":"https:\/\/www.europesays.com\/fr\/wp-json\/wp\/v2\/users\/2"}],"replies":[{"embeddable":true,"href":"https:\/\/www.europesays.com\/fr\/wp-json\/wp\/v2\/comments?post=541050"}],"version-history":[{"count":0,"href":"https:\/\/www.europesays.com\/fr\/wp-json\/wp\/v2\/posts\/541050\/revisions"}],"wp:featuredmedia":[{"embeddable":true,"href":"https:\/\/www.europesays.com\/fr\/wp-json\/wp\/v2\/media\/541051"}],"wp:attachment":[{"href":"https:\/\/www.europesays.com\/fr\/wp-json\/wp\/v2\/media?parent=541050"}],"wp:term":[{"taxonomy":"category","embeddable":true,"href":"https:\/\/www.europesays.com\/fr\/wp-json\/wp\/v2\/categories?post=541050"},{"taxonomy":"post_tag","embeddable":true,"href":"https:\/\/www.europesays.com\/fr\/wp-json\/wp\/v2\/tags?post=541050"}],"curies":[{"name":"wp","href":"https:\/\/api.w.org\/{rel}","templated":true}]}}