{"id":541052,"date":"2025-11-17T21:05:14","date_gmt":"2025-11-17T21:05:14","guid":{"rendered":"https:\/\/www.europesays.com\/fr\/541052\/"},"modified":"2025-11-17T21:05:14","modified_gmt":"2025-11-17T21:05:14","slug":"tres-severement-sanctionne-trump-serait-pret-a-taxer-les-pays-en-commerce-avec-la-russie","status":"publish","type":"post","link":"https:\/\/www.europesays.com\/fr\/541052\/","title":{"rendered":"\u00ab\u00a0Tr\u00e8s s\u00e9v\u00e8rement sanctionn\u00e9\u00a0\u00bb\u00a0: Trump serait pr\u00eat \u00e0 taxer les pays en commerce avec la Russie"},"content":{"rendered":"<p class=\"ap-StoryElement ap-StoryElement--mb ap-StoryText\">Trump veut essayer de couper la principale source de revenus en Russie. En se faisant, il s&rsquo;attaque aux hydrocarbures et aux pays qui commercent avec Moscou. Selon <a href=\"https:\/\/fr.euronews.com\/business\/2025\/11\/17\/trump-pret-a-sanctionner-les-etats-qui-maintiennent-leurs-relations-economiques-avec-la-ru\" target=\"_self\" rel=\"nofollow noopener\">Euronews<\/a>, un projet de loi serait sur la table du S\u00e9nat am\u00e9ricain et pourrait imposer des droits de douane jusqu&rsquo;\u00e0 500 % aux pays qui soutiennent l&rsquo;\u00e9conomie russe.<\/p>\n<p class=\"ap-StoryElement ap-StoryElement--mb ap-StoryText\">D&rsquo;ailleurs, <a href=\"https:\/\/www.lalibre.be\/actualite\/personne\/donald-trump\/\" target=\"_self\" rel=\"nofollow noopener\">Trump<\/a> a d\u00e9clar\u00e9 \u00e0 des journalistes ce dimanche que \u00ab\u00a0Tout pays qui fait des affaires avec la Russie sera tr\u00e8s s\u00e9v\u00e8rement sanctionn\u00e9\u00a0\u00bb. Il a ajout\u00e9 que l&rsquo;Iran pourrait \u00e9galement faire partie de ces m\u00eames pays.<\/p>\n","protected":false},"excerpt":{"rendered":"Trump veut essayer de couper la principale source de revenus en Russie. En se faisant, il s&rsquo;attaque aux&hellip;\n","protected":false},"author":2,"featured_media":541053,"comment_status":"","ping_status":"","sticky":false,"template":"","format":"standard","meta":{"footnotes":""},"categories":[1591],"tags":[11,1887,1227,12,9024,1885,1886,132],"class_list":{"0":"post-541052","1":"post","2":"type-post","3":"status-publish","4":"format-standard","5":"has-post-thumbnail","7":"category-russie","8":"tag-actualites","9":"tag-federation-de-russie","10":"tag-horizontal","11":"tag-news","12":"tag-politics","13":"tag-russia","14":"tag-russian-federation","15":"tag-russie"},"share_on_mastodon":{"url":"https:\/\/pubeurope.com\/@fr\/115567075354131930","error":""},"_links":{"self":[{"href":"https:\/\/www.europesays.com\/fr\/wp-json\/wp\/v2\/posts\/541052","targetHints":{"allow":["GET"]}}],"collection":[{"href":"https:\/\/www.europesays.com\/fr\/wp-json\/wp\/v2\/posts"}],"about":[{"href":"https:\/\/www.europesays.com\/fr\/wp-json\/wp\/v2\/types\/post"}],"author":[{"embeddable":true,"href":"https:\/\/www.europesays.com\/fr\/wp-json\/wp\/v2\/users\/2"}],"replies":[{"embeddable":true,"href":"https:\/\/www.europesays.com\/fr\/wp-json\/wp\/v2\/comments?post=541052"}],"version-history":[{"count":0,"href":"https:\/\/www.europesays.com\/fr\/wp-json\/wp\/v2\/posts\/541052\/revisions"}],"wp:featuredmedia":[{"embeddable":true,"href":"https:\/\/www.europesays.com\/fr\/wp-json\/wp\/v2\/media\/541053"}],"wp:attachment":[{"href":"https:\/\/www.europesays.com\/fr\/wp-json\/wp\/v2\/media?parent=541052"}],"wp:term":[{"taxonomy":"category","embeddable":true,"href":"https:\/\/www.europesays.com\/fr\/wp-json\/wp\/v2\/categories?post=541052"},{"taxonomy":"post_tag","embeddable":true,"href":"https:\/\/www.europesays.com\/fr\/wp-json\/wp\/v2\/tags?post=541052"}],"curies":[{"name":"wp","href":"https:\/\/api.w.org\/{rel}","templated":true}]}}