{"id":541056,"date":"2025-11-17T21:07:13","date_gmt":"2025-11-17T21:07:13","guid":{"rendered":"https:\/\/www.europesays.com\/fr\/541056\/"},"modified":"2025-11-17T21:07:13","modified_gmt":"2025-11-17T21:07:13","slug":"expulsion-de-migrants-leswatini-confirme-avoir-recu-51-millions-de-dollars-des-etats-unis","status":"publish","type":"post","link":"https:\/\/www.europesays.com\/fr\/541056\/","title":{"rendered":"Expulsion de migrants\u00a0: l\u2019Eswatini confirme avoir re\u00e7u 5,1\u00a0millions de dollars des \u00c9tats-Unis"},"content":{"rendered":"<p>En \u00e9change de l\u2019accueil d\u2019un total, \u00e0 terme, de 160\u00a0personnes jug\u00e9es ind\u00e9sirables par l\u2019administration am\u00e9ricaine, <a href=\"https:\/\/rennes.maville.com\/actu\/actudet_-l-administration-trump-a-expulse-des-immigres-en-situation-irreguliere-en-eswatini-_54135-6901848_actu.Htm\" target=\"_self\" rel=\"nofollow noopener\">l\u2019Eswatini (anciennement Swaziland) <\/a>a confirm\u00e9 pour la premi\u00e8re fois avoir re\u00e7u 5,1\u00a0millions de dollars des \u00c9tats-Unis, rapporte l\u2019Agence France-Presse (AFP) lundi 17\u00a0novembre 2025.<\/p>\n<p>Selon les \u00c9tats-Unis, il s\u2019agit d\u2019\u00ab\u00a0\u00e9trangers criminels\u00a0\u00bb<\/p>\n<p><a href=\"https:\/\/rennes.maville.com\/actu\/actudet_-le-swaziland-ne-veut-plus-etre-confondu-avec-la-suisse-et-va-s-appeler-eswatini_54135-3432373_actu.Htm\" target=\"_self\" rel=\"nofollow noopener\">Le petit royaume enclav\u00e9 d\u2019Afrique australe<\/a> a depuis mi-juillet re\u00e7u et incarc\u00e9r\u00e9 15\u00a0hommes expuls\u00e9s par Washington, au m\u00eame titre qu\u2019au moins cinq autres pays africains. Ces transferts de migrants vers des pays tiers, aux termes d\u2019accords souvent tenus secrets, rel\u00e8vent du trafic d\u2019\u00eatre humains selon des groupes de d\u00e9fense des droits humains.<\/p>\n<p>Interrog\u00e9 par des d\u00e9put\u00e9s lundi sur la teneur de l\u2019accord conclu avec les \u00c9tats-Unis, le ministre des Finances Neal Rijkenberg a admis que le gouvernement avait bien re\u00e7u 5,1\u00a0millions de dollars (4,3\u00a0millions d\u2019euros), une somme conforme \u00e0 un texte d\u2019accord divulgu\u00e9 par l\u2019ONG Human Rights Watch (HRW) et des m\u00e9dias.<\/p>\n<p><strong>\u00ab\u00a0On nous a dit que c\u2019\u00e9tait pour les expuls\u00e9s des \u00c9tats-Unis apr\u00e8s que nous ayons enqu\u00eat\u00e9\u00a0\u00bb,<\/strong> a-t-il d\u00e9clar\u00e9, ajoutant que son minist\u00e8re avait \u00e9t\u00e9 tenu \u00e9cart\u00e9 tout au long du processus. On ignore en l\u2019\u00e9tat l\u2019identit\u00e9 des signataires pour les gouvernements respectifs.<\/p>\n<p>Un premier groupe de cinq migrants avait \u00e9t\u00e9 envoy\u00e9 des \u00c9tats-Unis en Eswatini mi-juillet. L\u2019un d\u2019eux a regagn\u00e9 son pays, la Jama\u00efque, courant septembre.<\/p>\n<p>Lors de leur expulsion, les \u00c9tats-Unis ont affirm\u00e9 qu\u2019il s\u2019agissait d\u2019<strong>\u00ab\u00a0\u00e9trangers criminels\u00a0\u00bb<\/strong>, condamn\u00e9s notamment pour meurtre ou viol sur mineur. Leurs avocats ont affirm\u00e9 \u00e0 l\u2019AFP qu\u2019ils avaient purg\u00e9 leur peine depuis longtemps au moment de leur arrestation aux \u00c9tats-Unis par la police de l\u2019immigration (ICE).<\/p>\n<p>\u00ab\u00a0Renforcer les capacit\u00e9s de gestion des fronti\u00e8res\u00a0\u00bb<\/p>\n<p>Le deuxi\u00e8me groupe de 10\u00a0hommes a atterri d\u00e9but octobre, \u00e9galement par avion militaire. Parmi les 14\u00a0hommes encore d\u00e9tenus en Eswatini figurent un Cubain, un Y\u00e9m\u00e9nite, un Laotien, au moins quatre Vietnamiens, un Philippin et un Cambodgien. Ils sont tous d\u00e9tenus dans le centre correctionnel de Matsapha, pr\u00e8s de la capitale Mbabane, connu pour d\u00e9tenir les prisonniers politiques.<\/p>\n<p>Selon l\u2019accord divulgu\u00e9 par HRW, les 5,1\u00a0millions de dollars \u00e9taient destin\u00e9s \u00e0 <strong>\u00ab\u00a0renforcer les capacit\u00e9s de gestion des fronti\u00e8res et des migrations\u00a0\u00bb<\/strong> du pays.<\/p>\n<p>Mais selon le ministre des Finances, l\u2019argent a \u00e9t\u00e9 vers\u00e9 sur le compte de l\u2019agence nationale de gestion des catastrophes (NDMA). <strong>\u00ab\u00a0La NDMA n\u2019est pas autoris\u00e9e \u00e0 d\u00e9penser de l\u2019argent qui ne lui a pas \u00e9t\u00e9 attribu\u00e9\u00a0\u00bb,<\/strong> a-t-il d\u00e9clar\u00e9.<\/p>\n<p>L\u2019Eswatini est dirig\u00e9 depuis 1986 par <a href=\"https:\/\/rennes.maville.com\/actu\/actudet_-le-roi-du-swaziland-renomme-son-pays-eswatini-_54135-3427724_actu.Htm\" target=\"_self\" rel=\"nofollow noopener\">le roi Mswati III.<\/a> Ce dernier, qui affiche un train de vie fastueux, nomme le Premier ministre, le cabinet, les juges, et les actes du Parlement n\u2019ont force de loi qu\u2019une fois sign\u00e9s par le roi.<\/p>\n<p>\u00a0<\/p>\n","protected":false},"excerpt":{"rendered":"En \u00e9change de l\u2019accueil d\u2019un total, \u00e0 terme, de 160\u00a0personnes jug\u00e9es ind\u00e9sirables par l\u2019administration am\u00e9ricaine, l\u2019Eswatini (anciennement Swaziland)&hellip;\n","protected":false},"author":2,"featured_media":541057,"comment_status":"","ping_status":"","sticky":false,"template":"","format":"standard","meta":{"footnotes":""},"categories":[1589],"tags":[12106,9638,11,5492,8845,27075,65915,73,1866,5219,1251,4657,12,10621,1864,1865,1863,308],"class_list":{"0":"post-541056","1":"post","2":"type-post","3":"status-publish","4":"format-standard","5":"has-post-thumbnail","7":"category-etats-unis","8":"tag-12106","9":"tag-9638","10":"tag-actualites","11":"tag-caen","12":"tag-confirme","13":"tag-dollars","14":"tag-eswatini","15":"tag-etats-unis","16":"tag-etats-unis-damerique","17":"tag-expulsion","18":"tag-migrants","19":"tag-millions","20":"tag-news","21":"tag-recu","22":"tag-united-states","23":"tag-united-states-of-america","24":"tag-us","25":"tag-usa"},"share_on_mastodon":{"url":"https:\/\/pubeurope.com\/@fr\/115567083195447205","error":""},"_links":{"self":[{"href":"https:\/\/www.europesays.com\/fr\/wp-json\/wp\/v2\/posts\/541056","targetHints":{"allow":["GET"]}}],"collection":[{"href":"https:\/\/www.europesays.com\/fr\/wp-json\/wp\/v2\/posts"}],"about":[{"href":"https:\/\/www.europesays.com\/fr\/wp-json\/wp\/v2\/types\/post"}],"author":[{"embeddable":true,"href":"https:\/\/www.europesays.com\/fr\/wp-json\/wp\/v2\/users\/2"}],"replies":[{"embeddable":true,"href":"https:\/\/www.europesays.com\/fr\/wp-json\/wp\/v2\/comments?post=541056"}],"version-history":[{"count":0,"href":"https:\/\/www.europesays.com\/fr\/wp-json\/wp\/v2\/posts\/541056\/revisions"}],"wp:featuredmedia":[{"embeddable":true,"href":"https:\/\/www.europesays.com\/fr\/wp-json\/wp\/v2\/media\/541057"}],"wp:attachment":[{"href":"https:\/\/www.europesays.com\/fr\/wp-json\/wp\/v2\/media?parent=541056"}],"wp:term":[{"taxonomy":"category","embeddable":true,"href":"https:\/\/www.europesays.com\/fr\/wp-json\/wp\/v2\/categories?post=541056"},{"taxonomy":"post_tag","embeddable":true,"href":"https:\/\/www.europesays.com\/fr\/wp-json\/wp\/v2\/tags?post=541056"}],"curies":[{"name":"wp","href":"https:\/\/api.w.org\/{rel}","templated":true}]}}