{"id":541058,"date":"2025-11-17T21:08:12","date_gmt":"2025-11-17T21:08:12","guid":{"rendered":"https:\/\/www.europesays.com\/fr\/541058\/"},"modified":"2025-11-17T21:08:12","modified_gmt":"2025-11-17T21:08:12","slug":"le-royaume-uni-va-reformer-radicalement-son-accueil-et-sa-gestion-des-refugies","status":"publish","type":"post","link":"https:\/\/www.europesays.com\/fr\/541058\/","title":{"rendered":"Le Royaume-Uni va r\u00e9former radicalement son accueil et sa gestion des r\u00e9fugi\u00e9s"},"content":{"rendered":"<p class=\"ap-StoryElement ap-StoryElement--mb ap-StoryText\">Dans son document publi\u00e9 lundi apr\u00e8s-midi, intitul\u00e9 R\u00e9tablir l&rsquo;ordre et le contr\u00f4le, elle clame que \u00ab\u00a0[le Royaume-Uni est] devenu la destination privil\u00e9gi\u00e9e en Europe, clairement visible pour tous les passeurs et migrants clandestins potentiels \u00e0 travers le monde\u00a0\u00bb. Une affirmation fausse : si 109 343 personnes ont demand\u00e9 l&rsquo;asile au Royaume-Uni lors des douze mois jusqu&rsquo;\u00e0 la fin mars 2025, le double de demandes a \u00e9t\u00e9 d\u00e9pos\u00e9 en Allemagne, 50 % de plus en Espagne, 45 % de plus en France et 38 % de plus en Italie, selon les statistiques de l&rsquo;office europ\u00e9en de statistiques Eurostat.<\/p>\n<p>Un statut de r\u00e9fugi\u00e9 plus pr\u00e9caire<\/p>\n<p class=\"ap-StoryElement ap-StoryElement--mb ap-StoryText\">Qu&rsquo;importe, la ministre a assur\u00e9 lundi soir devant la Chambre des communes que \u00ab\u00a0tant que nous n&rsquo;aurons pas r\u00e9tabli l&rsquo;ordre et le contr\u00f4le, ceux qui cherchent \u00e0 nous diviser continuerons \u00e0 devenir plus fort\u00a0\u00bb. Au premier rang de ses pr\u00e9occupations : la gestion des r\u00e9fugi\u00e9s arriv\u00e9s sur son sol. Tous devront \u00e0 l&rsquo;avenir renouveler leur statut de r\u00e9fugi\u00e9 tous les deux ans et demi, contre cinq ans aujourd&rsquo;hui, et ne pourront pas acc\u00e9der \u00e0 la r\u00e9sidence permanente britannique pendant vingt ans, contre cinq ans actuellement. Si leur pays est \u00e0 nouveau consid\u00e9r\u00e9 \u00ab\u00a0s\u00fbr\u00a0\u00bb, leur statut de r\u00e9fugi\u00e9 sera annul\u00e9 et ils devront y retourner.<\/p>\n<p><a href=\"https:\/\/www.lalibre.be\/international\/europe\/2025\/10\/01\/les-travaillistes-remettent-un-coup-de-pression-sur-keir-starmer-EQYT4QULANEPTKGITEPQRAB46E\/\" target=\"_self\" class=\"ap-StoryInterstitialLink ap-StoryElement ap-StoryElement--mb\" rel=\"nofollow noopener\">Les travaillistes remettent un coup de pression sur leur Premier ministre, Keir Starmer<\/a><\/p>\n<p class=\"ap-StoryElement ap-StoryElement--mb ap-StoryText\">Ce sera \u00e9galement le cas des 255 000 Ukrainiens install\u00e9s au Royaume-Uni depuis le d\u00e9but de l&rsquo;invasion de leur pays par la Russie. Ils devront rejoindre l&rsquo;Ukraine \u00e0 la fin du conflit ou une fois leur autorisation expir\u00e9e, c&rsquo;est-\u00e0-dire pour le moment au plus tard trois ans et demi apr\u00e8s leur arriv\u00e9e.<\/p>\n<p>Un accueil moins g\u00e9n\u00e9reux<\/p>\n<p class=\"ap-StoryElement ap-StoryElement--mb ap-StoryText\">Une fois arriv\u00e9s sur le sol britannique, les futurs r\u00e9fugi\u00e9s ne b\u00e9n\u00e9ficieront plus automatiquement du soutien de l&rsquo;\u00c9tat ou \u00ab\u00a0du droit automatique \u00e0 la r\u00e9union familiale\u00a0\u00bb. Fini le logement et les aides financi\u00e8res automatiques. \u00ab\u00a0Nous supprimerons l&rsquo;obligation l\u00e9gale actuelle de fournir une aide aux demandeurs d&rsquo;asile qui, sans cela, se retrouveraient sans ressources\u00a0\u00bb, pr\u00e9cise le document, pour revenir \u00e0 la situation pr\u00e9-2005, lorsque l&rsquo;adoption de cette obligation visait \u00e0 s&rsquo;adapter \u00e0 la loi europ\u00e9enne. Les aides seront accord\u00e9es en priorit\u00e9 \u00e0 ceux qui contribueront \u00e0 l&rsquo;\u00e9conomie et aux communaut\u00e9s, c&rsquo;est-\u00e0-dire \u00e0 ceux qui travailleront l\u00e9galement. Par ailleurs, \u00ab\u00a0l&rsquo;aide sera \u00e9galement subordonn\u00e9e au respect de la l\u00e9gislation britannique par les demandeurs d&rsquo;asile. \u00c0 l&rsquo;heure actuelle, la criminalit\u00e9 n&#8217;emp\u00eache pas un demandeur d&rsquo;asile de b\u00e9n\u00e9ficier de l&rsquo;aide de l&rsquo;\u00c9tat. C&rsquo;est inacceptable.\u00a0\u00bb<\/p>\n<p class=\"ap-StoryElement ap-StoryElement--mb ap-StoryText\">Ces changements n\u00e9cessiteront de nouvelles interpr\u00e9tations juridiques d&rsquo;articles de la Convention europ\u00e9enne des droits de l&rsquo;homme. L&rsquo;article 3, qui prot\u00e8ge les personnes contre la torture et les traitements inhumains, sera r\u00e9interpr\u00e9t\u00e9 pour \u00ab\u00a0soutenir la d\u00e9portation des criminels dangereux\u00a0\u00bb. L&rsquo;article 8, qui garantit le droit \u00e0 une vie de famille, sera r\u00e9interpr\u00e9t\u00e9 \u00ab\u00a0en faveur des attentes des Britanniques\u00a0\u00bb. \u00ab\u00a0Nous commencerons donc \u00e0 renvoyer des familles\u00a0\u00bb, a pr\u00e9venu la ministre. Le syst\u00e8me d&rsquo;appel sera \u00e9galement revu pour emp\u00eacher que des r\u00e9fugi\u00e9s ne demeurent pendant des ann\u00e9es apr\u00e8s la d\u00e9cision de renvoi initiale.<\/p>\n<p class=\"ap-StoryElement ap-StoryElement--mb ap-StoryText\">En revanche, pour montrer sa volont\u00e9 de demeurer honorable, elle a assur\u00e9 l&rsquo;ouverture de nouvelles voies l\u00e9gales pour accueillir les r\u00e9fugi\u00e9s \u00e9tudiants et actifs. Ceux qui entreront l\u00e9galement dans le pays b\u00e9n\u00e9ficieront \u00ab\u00a0d&rsquo;une voie plus rapide et plus ais\u00e9e d&rsquo;obtenir la citoyennet\u00e9 permanente\u00a0\u00bb.<\/p>\n<p>Vieilles recettes, nouvel \u00e9chec ?<\/p>\n<p class=\"ap-StoryElement ap-StoryElement--mb ap-StoryText\">Ses arguments n&rsquo;ont pas vraiment convaincu nombre de ses d\u00e9put\u00e9s et les sp\u00e9cialistes du secteur. Sunder Katwala, le directeur de British Future, un centre de r\u00e9flexion sp\u00e9cialis\u00e9 sur l&rsquo;immigration, estime que cette r\u00e9forme reprend de nombreuses mesures d\u00e9j\u00e0 exp\u00e9riment\u00e9es par les conservateurs \u00e0 partir de 2022 pour tenter de rendre le Royaume-Uni moins attrayant aux migrants, sans tenter de \u00ab\u00a0r\u00e9pondre aux raisons de leur \u00e9chec\u00a0\u00bb. Il prend exemple sur deux motivations majeures : \u00ab\u00a0L&rsquo;utilisation de la langue anglaise\u00a0\u00bb et \u00ab\u00a0l&rsquo;existence d\u00e9j\u00e0 bien \u00e9tablie de routes de contrebande\u00a0\u00bb.<\/p>\n<p><a href=\"https:\/\/www.lalibre.be\/international\/europe\/2025\/09\/06\/reform-uk-le-parti-de-nigel-farage-profite-de-lomnipresence-de-la-question-migratoire-dans-lactualite-FQPJPVXOGNDULH6CPBUHNMGSNQ\/\" target=\"_self\" class=\"ap-StoryInterstitialLink ap-StoryElement ap-StoryElement--mb\" rel=\"nofollow noopener\">Reform UK, le parti de Nigel Farage, profite de l&rsquo;omnipr\u00e9sence de la question migratoire dans l&rsquo;actualit\u00e9<\/a><\/p>\n<p class=\"ap-StoryElement ap-StoryElement--mb ap-StoryText\">\u00c0 l&rsquo;inverse, Nigel Farage, le chef du parti populiste et anti-immigration Reform UK, s&rsquo;est dit surpris que Shabana Mahmood \u00ab\u00a0ressemble de plus en plus \u00e0 une partisane de Reform\u00a0\u00bb\u2026 Une sortie \u00e9videmment destin\u00e9e \u00e0 jeter de l&rsquo;huile sur le feu et attisera sans aucun doute la col\u00e8re de la gauche du parti travailliste.<\/p>\n","protected":false},"excerpt":{"rendered":"Dans son document publi\u00e9 lundi apr\u00e8s-midi, intitul\u00e9 R\u00e9tablir l&rsquo;ordre et le contr\u00f4le, elle clame que \u00ab\u00a0[le Royaume-Uni est]&hellip;\n","protected":false},"author":2,"featured_media":541059,"comment_status":"","ping_status":"","sticky":false,"template":"","format":"standard","meta":{"footnotes":""},"categories":[1588],"tags":[11,1777,674,12,65916,65917,473,1853,65918,1851,1850,1852],"class_list":{"0":"post-541058","1":"post","2":"type-post","3":"status-publish","4":"format-standard","5":"has-post-thumbnail","7":"category-royaume-uni","8":"tag-actualites","9":"tag-eu","10":"tag-europe","11":"tag-news","12":"tag-nigel-farage-on-lbc","13":"tag-pa2025","14":"tag-royaume-uni","15":"tag-royaume-uni-de-grande-bretagne-et-dirlande-du-nord","16":"tag-syllogi","17":"tag-uk","18":"tag-united-kingdom","19":"tag-united-kingdom-of-great-britain-and-northern-ireland"},"share_on_mastodon":{"url":"https:\/\/pubeurope.com\/@fr\/115567087360199743","error":""},"_links":{"self":[{"href":"https:\/\/www.europesays.com\/fr\/wp-json\/wp\/v2\/posts\/541058","targetHints":{"allow":["GET"]}}],"collection":[{"href":"https:\/\/www.europesays.com\/fr\/wp-json\/wp\/v2\/posts"}],"about":[{"href":"https:\/\/www.europesays.com\/fr\/wp-json\/wp\/v2\/types\/post"}],"author":[{"embeddable":true,"href":"https:\/\/www.europesays.com\/fr\/wp-json\/wp\/v2\/users\/2"}],"replies":[{"embeddable":true,"href":"https:\/\/www.europesays.com\/fr\/wp-json\/wp\/v2\/comments?post=541058"}],"version-history":[{"count":0,"href":"https:\/\/www.europesays.com\/fr\/wp-json\/wp\/v2\/posts\/541058\/revisions"}],"wp:featuredmedia":[{"embeddable":true,"href":"https:\/\/www.europesays.com\/fr\/wp-json\/wp\/v2\/media\/541059"}],"wp:attachment":[{"href":"https:\/\/www.europesays.com\/fr\/wp-json\/wp\/v2\/media?parent=541058"}],"wp:term":[{"taxonomy":"category","embeddable":true,"href":"https:\/\/www.europesays.com\/fr\/wp-json\/wp\/v2\/categories?post=541058"},{"taxonomy":"post_tag","embeddable":true,"href":"https:\/\/www.europesays.com\/fr\/wp-json\/wp\/v2\/tags?post=541058"}],"curies":[{"name":"wp","href":"https:\/\/api.w.org\/{rel}","templated":true}]}}