{"id":541060,"date":"2025-11-17T21:09:14","date_gmt":"2025-11-17T21:09:14","guid":{"rendered":"https:\/\/www.europesays.com\/fr\/541060\/"},"modified":"2025-11-17T21:09:14","modified_gmt":"2025-11-17T21:09:14","slug":"lallemagne-a-recense-930-crimes-islamophobes-entre-janvier-et-septembre-selon-le-gouvernement","status":"publish","type":"post","link":"https:\/\/www.europesays.com\/fr\/541060\/","title":{"rendered":"L\u2019Allemagne a recens\u00e9 930 crimes islamophobes entre janvier et septembre, selon le gouvernement"},"content":{"rendered":"<p>AA \/ Berlin \/ Olivier Towfigh Nia<\/p>\n<p>Le gouvernement allemand a annonc\u00e9 lundi que 930 crimes islamophobes avaient \u00e9t\u00e9 signal\u00e9s dans le pays entre janvier et septembre.<\/p>\n<p>En r\u00e9ponse \u00e0 une question parlementaire du parti de gauche Die Linke sur les actes de haine antimusulmans, il a indiqu\u00e9 que 469 crimes islamophobes avaient \u00e9t\u00e9 transmis \u00e0 l\u2019Office f\u00e9d\u00e9ral de la police criminelle (BKA) au premier trimestre 2025, 316 au deuxi\u00e8me, et 145 au troisi\u00e8me.<\/p>\n<p>Au total, 283 suspects ont \u00e9t\u00e9 identifi\u00e9s au premier trimestre, 172 au deuxi\u00e8me et 85 au troisi\u00e8me. Cinq personnes ont \u00e9t\u00e9 plac\u00e9es en d\u00e9tention, mais aucun mandat d\u2019arr\u00eat n\u2019a \u00e9t\u00e9 d\u00e9livr\u00e9.<\/p>\n<p>De janvier \u00e0 septembre, 31 attaques contre des mosqu\u00e9es ont \u00e9t\u00e9 recens\u00e9es et 37 personnes ont \u00e9t\u00e9 bless\u00e9es, dont une gri\u00e8vement.<\/p>\n<p>Le gouvernement a pr\u00e9cis\u00e9 que ces crimes islamophobes incluent notamment l\u2019incitation publique \u00e0 la haine, les injures, les menaces, l\u2019usage de symboles interdits, les d\u00e9gradations ou encore les violences. La majorit\u00e9 de ces actes ont \u00e9t\u00e9 commis par des extr\u00e9mistes d\u2019extr\u00eame droite.<\/p>\n<p>L\u2019Allemagne abrite la deuxi\u00e8me plus grande population musulmane d\u2019Europe occidentale apr\u00e8s la France, avec pr\u00e8s de 5,5 millions de musulmans sur environ 85 millions d\u2019habitants.<\/p>\n<p>Ces derni\u00e8res ann\u00e9es, le pays a connu une hausse du racisme et des violences antimusulmanes, aliment\u00e9e par les partis et mouvements d\u2019extr\u00eame droite, notamment l\u2019Alternative pour l\u2019Allemagne (AfD), principal parti d\u2019opposition.<\/p>\n<p>* traduit de l&rsquo;anglais par Ayse Betul Akcesme<\/p>\n<p>                            &#13;<br \/>\n                                <a href=\"https:\/\/www.aa.com.tr\/fr\/p\/abonnement\/1001\" target=\"_blank\" style=\"font-size:12px; color:#444; text-decoration:none;\" rel=\"noopener\">&#13;<br \/>\n                                    Seulement une partie des d\u00e9p\u00eaches, que l&rsquo;Agence Anadolu diffuse \u00e0 ses abonn\u00e9s via le Syst\u00e8me de Diffusion interne (HAS), est diffus\u00e9e sur le site de l&rsquo;AA, de mani\u00e8re r\u00e9sum\u00e9e. <b style=\"color:#1897F7\">Contactez-nous s&rsquo;il vous pla\u00eet pour vous abonner.<\/b>&#13;<br \/>\n                                <\/a>&#13;<\/p>\n","protected":false},"excerpt":{"rendered":"AA \/ Berlin \/ Olivier Towfigh Nia Le gouvernement allemand a annonc\u00e9 lundi que 930 crimes islamophobes avaient&hellip;\n","protected":false},"author":2,"featured_media":541061,"comment_status":"","ping_status":"","sticky":false,"template":"","format":"standard","meta":{"footnotes":""},"categories":[1587],"tags":[11,672,1785,1804,65919,1805,1803,1777,674,1801,42965,12,1802],"class_list":{"0":"post-541060","1":"post","2":"type-post","3":"status-publish","4":"format-standard","5":"has-post-thumbnail","7":"category-allemagne","8":"tag-actualites","9":"tag-allemagne","10":"tag-anadolu-ajansi","11":"tag-bundesrepublik-deutschland","12":"tag-crimes-islamophobes","13":"tag-de","14":"tag-deutschland","15":"tag-eu","16":"tag-europe","17":"tag-germany","18":"tag-gouvernement-allemand","19":"tag-news","20":"tag-republique-federale-dallemagne"},"share_on_mastodon":{"url":"https:\/\/pubeurope.com\/@fr\/115567091015390225","error":""},"_links":{"self":[{"href":"https:\/\/www.europesays.com\/fr\/wp-json\/wp\/v2\/posts\/541060","targetHints":{"allow":["GET"]}}],"collection":[{"href":"https:\/\/www.europesays.com\/fr\/wp-json\/wp\/v2\/posts"}],"about":[{"href":"https:\/\/www.europesays.com\/fr\/wp-json\/wp\/v2\/types\/post"}],"author":[{"embeddable":true,"href":"https:\/\/www.europesays.com\/fr\/wp-json\/wp\/v2\/users\/2"}],"replies":[{"embeddable":true,"href":"https:\/\/www.europesays.com\/fr\/wp-json\/wp\/v2\/comments?post=541060"}],"version-history":[{"count":0,"href":"https:\/\/www.europesays.com\/fr\/wp-json\/wp\/v2\/posts\/541060\/revisions"}],"wp:featuredmedia":[{"embeddable":true,"href":"https:\/\/www.europesays.com\/fr\/wp-json\/wp\/v2\/media\/541061"}],"wp:attachment":[{"href":"https:\/\/www.europesays.com\/fr\/wp-json\/wp\/v2\/media?parent=541060"}],"wp:term":[{"taxonomy":"category","embeddable":true,"href":"https:\/\/www.europesays.com\/fr\/wp-json\/wp\/v2\/categories?post=541060"},{"taxonomy":"post_tag","embeddable":true,"href":"https:\/\/www.europesays.com\/fr\/wp-json\/wp\/v2\/tags?post=541060"}],"curies":[{"name":"wp","href":"https:\/\/api.w.org\/{rel}","templated":true}]}}