{"id":541064,"date":"2025-11-17T21:11:14","date_gmt":"2025-11-17T21:11:14","guid":{"rendered":"https:\/\/www.europesays.com\/fr\/541064\/"},"modified":"2025-11-17T21:11:14","modified_gmt":"2025-11-17T21:11:14","slug":"les-geants-du-cloud-seraient-dans-le-viseur-de-bruxelles-on-vous-explique-pourquoi","status":"publish","type":"post","link":"https:\/\/www.europesays.com\/fr\/541064\/","title":{"rendered":"les g\u00e9ants du cloud seraient dans le viseur de Bruxelles (on vous explique pourquoi)"},"content":{"rendered":"<p>Le Digital Markets Act a oblig\u00e9 Apple \u00e0 autoriser les concurrents de l\u2019App Store dans l\u2019UE et oblig\u00e9 le groupe Meta \u00e0 rendre WhatsApp <a href=\"https:\/\/www.presse-citron.net\/whatsapp-communiquer-autres-apps-de-messagerie-grace-a-lue\/\" rel=\"false nofollow noopener\" target=\"_blank\">interop\u00e9rable<\/a> avec des services de messagerie tiers. Et, actuellement, Bruxelles <a href=\"https:\/\/www.presse-citron.net\/enquete-ue-sur-google-moteur-de-recherche\/\" rel=\"false nofollow noopener\" target=\"_blank\">enqu\u00eate sur le moteur de recherche de Google<\/a>, qui est suspect\u00e9 d\u2019avoir enfreint cette l\u00e9gislation de l\u2019UE. En revanche, jusqu\u2019\u00e0 pr\u00e9sent, les services cloud des g\u00e9ants de la tech (Amazon Web Services, Microsoft Azure et Google Cloud) ne sont pas concern\u00e9s par les r\u00e8gles du Digital Markets Act.<\/p>\n<p>En effet, les nouvelles obligations du DMA ne s\u2019appliquent \u00e0 un service que lorsque celui-ci est d\u00e9sign\u00e9 comme un contr\u00f4leur d\u2019acc\u00e8s par la Commission europ\u00e9enne. Et, jusqu\u2019\u00e0 pr\u00e9sent, aucun des services cloud d\u2019Amazon, de Microsoft et de Google n\u2019a fait l\u2019objet d\u2019une d\u00e9signation. Cependant, cela pourrait bient\u00f4t changer, puisque Amazon Web Services, Microsoft Azure et Google Cloud <a href=\"https:\/\/www.01net.com\/actualites\/les-nuages-damazon-de-microsoft-et-de-google-sur-la-sellette-europeenne.html\" rel=\"nofollow noopener\" target=\"_blank\">seraient d\u00e9sormais dans le viseur de Bruxelles.<\/a><\/p>\n<p> Le DMA va-t-il s\u2019appliquer aux g\u00e9ants du cloud\u00a0? <\/p>\n<p>Plus pr\u00e9cis\u00e9ment, d\u2019apr\u00e8s un article de Bloomberg, qui cite des sources proches du dossier, la Commission europ\u00e9enne enqu\u00eaterait pour savoir s\u2019il faudrait imposer de nouvelles obligations \u00e0 ces trois g\u00e9ants du cloud. Ces obligations pourraient, par exemple, concerner l\u2019interop\u00e9rabilit\u00e9 avec des services concurrents, ou la portabilit\u00e9 des donn\u00e9es.<\/p>\n<p>La d\u00e9cision de mener cette enqu\u00eate aurait \u00e9t\u00e9 prise \u00e0 la suite des pannes de services cloud, qui ont montr\u00e9 que la d\u00e9pendance des services num\u00e9riques \u00e0 une poign\u00e9e d\u2019acteurs est une faiblesse. N\u00e9anmoins, l\u2019article de Bloomberg indique aussi qu\u2019il sera difficile de compter les utilisateurs des services comme Amazon Web Services, Microsoft Azure ou Google Cloud, dont les clients sont principalement des entreprises.<\/p>\n<p>Pour le moment, ces informations ne sont pas officielles. Mais, en tout cas, la d\u00e9signation de services cloud dans le cadre du Digital Markets Act serait une nouvelle \u00e9tape pour l\u2019application de cette loi.<\/p>\n<ul class=\"tldr\">\n<li>Jusqu\u2019\u00e0 pr\u00e9sent, le Digital Markets Act s\u2019est appliqu\u00e9 aux produits tels qu\u2019iOS, WhatsApp ou le moteur de recherche de Google<\/li>\n<li>N\u00e9anmoins, la Commission europ\u00e9enne aurait aussi les services cloud d\u2019Amazon, de Google et de Microsoft dans sans viseur<\/li>\n<li>D\u2019apr\u00e8s Bloomberg, une enqu\u00eate aurait \u00e9t\u00e9 lanc\u00e9e pour savoir si le DMA doit \u00e9galement r\u00e9guler ces services cloud<\/li>\n<\/ul>\n<blockquote>\n<p class=\"text-base text-neutral-700 dark:text-neutral-300\">\ud83d\udccd Pour ne manquer aucune actualit\u00e9 de Presse-citron, suivez-nous sur <a href=\"https:\/\/news.google.com\/publications\/CAAqBggKMIPiNTC70wU?hl=fr&amp;gl=FR&amp;ceid=FR%3Afr\" target=\"_blank\" rel=\"nofollow noopener\">Google Actualit\u00e9s<\/a> et <a href=\"https:\/\/whatsapp.com\/channel\/0029VaCkGuz4NViitBXbEr0b\" target=\"_blank\" rel=\"nofollow noopener\">WhatsApp<\/a>.<\/p>\n<\/blockquote>\n","protected":false},"excerpt":{"rendered":"Le Digital Markets Act a oblig\u00e9 Apple \u00e0 autoriser les concurrents de l\u2019App Store dans l\u2019UE et oblig\u00e9&hellip;\n","protected":false},"author":2,"featured_media":410105,"comment_status":"","ping_status":"","sticky":false,"template":"","format":"standard","meta":{"footnotes":""},"categories":[1586],"tags":[11,32393,2196,1777,674,1779,1011,27,12,25,1778,364],"class_list":{"0":"post-541064","1":"post","2":"type-post","3":"status-publish","4":"format-standard","5":"has-post-thumbnail","7":"category-europe","8":"tag-actualites","9":"tag-cloud","10":"tag-commission-europeenne","11":"tag-eu","12":"tag-europe","13":"tag-european-union","14":"tag-fr","15":"tag-france","16":"tag-news","17":"tag-republique-francaise","18":"tag-ue","19":"tag-union-europeenne"},"share_on_mastodon":{"url":"https:\/\/pubeurope.com\/@fr\/115567098915601389","error":""},"_links":{"self":[{"href":"https:\/\/www.europesays.com\/fr\/wp-json\/wp\/v2\/posts\/541064","targetHints":{"allow":["GET"]}}],"collection":[{"href":"https:\/\/www.europesays.com\/fr\/wp-json\/wp\/v2\/posts"}],"about":[{"href":"https:\/\/www.europesays.com\/fr\/wp-json\/wp\/v2\/types\/post"}],"author":[{"embeddable":true,"href":"https:\/\/www.europesays.com\/fr\/wp-json\/wp\/v2\/users\/2"}],"replies":[{"embeddable":true,"href":"https:\/\/www.europesays.com\/fr\/wp-json\/wp\/v2\/comments?post=541064"}],"version-history":[{"count":0,"href":"https:\/\/www.europesays.com\/fr\/wp-json\/wp\/v2\/posts\/541064\/revisions"}],"wp:featuredmedia":[{"embeddable":true,"href":"https:\/\/www.europesays.com\/fr\/wp-json\/wp\/v2\/media\/410105"}],"wp:attachment":[{"href":"https:\/\/www.europesays.com\/fr\/wp-json\/wp\/v2\/media?parent=541064"}],"wp:term":[{"taxonomy":"category","embeddable":true,"href":"https:\/\/www.europesays.com\/fr\/wp-json\/wp\/v2\/categories?post=541064"},{"taxonomy":"post_tag","embeddable":true,"href":"https:\/\/www.europesays.com\/fr\/wp-json\/wp\/v2\/tags?post=541064"}],"curies":[{"name":"wp","href":"https:\/\/api.w.org\/{rel}","templated":true}]}}