{"id":541065,"date":"2025-11-17T21:12:13","date_gmt":"2025-11-17T21:12:13","guid":{"rendered":"https:\/\/www.europesays.com\/fr\/541065\/"},"modified":"2025-11-17T21:12:13","modified_gmt":"2025-11-17T21:12:13","slug":"apres-vinted-la-haute-commissaire-a-lenfance-saisit-larcom-pour-etsy-et-leboncoin","status":"publish","type":"post","link":"https:\/\/www.europesays.com\/fr\/541065\/","title":{"rendered":"apr\u00e8s Vinted, la Haute-commissaire \u00e0 l\u2019Enfance saisit l\u2019Arcom pour Etsy et Leboncoin"},"content":{"rendered":"<p>\n    Un reportage diffus\u00e9 dans le journal de 20 heures sur France 2 lundi r\u00e9v\u00e8le que des annonces diffus\u00e9es sur ces deux plates-formes proposent des contenus pornographiques sous couvert de ventes classiques.<\/p>\n<p class=\"fig-paragraph\">La Haute-commissaire \u00e0 l&rsquo;Enfance va \u00e0 nouveau saisir le r\u00e9gulateur du num\u00e9rique apr\u00e8s la diffusion d&rsquo;un reportage de France 2 lundi montrant que des annonces sur les sites d&rsquo;Etsy et Leboncoin proposent des contenus pornographiques sous couvert de ventes classiques, selon son entourage. L&rsquo;entourage de\u00a0<a href=\"http:\/\/www.lefigaro.fr\/actualite-france\/vente-de-poupees-pedopornographiques-sarah-el-hairy-souhaite-mener-des-enquetes-sociales-chez-les-acheteurs-20251103\" data-fig-type=\"NewsFlash\" data-gtm-custom-categorie=\"navigation\" data-gtm-custom-action=\"crossclick\" data-gtm-custom-label=\"Contextuel\" data-gtm-event=\"customEventSPE\" data-fig-domain=\"LEFIGARO\" target=\"_blank\" rel=\"noopener\">Sarah El Ha\u00efry<\/a>\u00a0a indiqu\u00e9 lundi soir \u00e0 l&rsquo;AFP qu&rsquo;elle allait saisir l&rsquo;Arcom des cas du site de commerce \u00e9lectronique Etsy et du site de petites annonces Leboncoin, au lendemain de l&rsquo;annonce d&rsquo;une d\u00e9marche similaire pour le site de vente d&rsquo;occasion Vinted.<\/p>\n<p class=\"fig-paragraph\">\u00abQue ce soit sur Etsy, sur Leboncoin ou ailleurs, les plateformes ne peuvent pas fermer les yeux quand des annonces permettent, contre paiement, d&rsquo;acc\u00e9der \u00e0 des contenus pornographiques\u00bb, a indiqu\u00e9 \u00e0 l&rsquo;AFP l&rsquo;entourage de la Haute-commissaire. \u00abD\u00e8s lors qu&rsquo;un risque de mise en contact entre mineurs et pornographie existe, l&rsquo;alerte doit \u00eatre imm\u00e9diate, la r\u00e9action doit \u00eatre totale\u00bb, a ajout\u00e9 la m\u00eame source. La loi oblige depuis 2024 les sites h\u00e9bergeant de la pornographie \u00e0 v\u00e9rifier l&rsquo;\u00e2ge des utilisateurs, sous peine de sanctions allant jusqu&rsquo;au blocage.<\/p>\n<p>                                    <a class=\"fig-a11y-skip a11y-hidden\" href=\"#fig-a11y-skip-main-inarticle\"><br \/>\n        Passer la publicit\u00e9<br \/>\n    <\/a><\/p>\n<p>\u00abUne politique de tol\u00e9rance z\u00e9ro\u00bb<\/p>\n<p class=\"fig-paragraph\">Le reportage diffus\u00e9 dans le journal de 20H de France 2 lundi montre l&rsquo;annonce sur Leboncoin d&rsquo;une femme vendant en fa\u00e7ade des robes mais qui en r\u00e9alit\u00e9 propose des contenus pornographiques, \u00e0 payer directement sur la plateforme. Les journalistes pr\u00e9cisent que, contact\u00e9 par leurs soins, Leboncoin a retir\u00e9 cette annonce. Sur Etsy, ils montrent une annonce proposant des images de jeunes filles nues g\u00e9n\u00e9r\u00e9es par intelligence artificielle, \u00abdes contenus pouvant \u00eatre consid\u00e9r\u00e9s comme p\u00e9dopornographiques\u00bb.<\/p>\n<p class=\"fig-paragraph\">Le reportage donne \u00e9galement \u00e0 voir des annonces sur\u00a0<a href=\"http:\/\/www.lefigaro.fr\/conso\/on-doit-proteger-nos-enfants-l-arcom-saisie-apres-la-decouverte-de-liens-sur-vinted-conduisant-a-du-contenu-pornographique-20251116\" data-fig-type=\"NewsFlash\" data-gtm-custom-categorie=\"navigation\" data-gtm-custom-action=\"crossclick\" data-gtm-custom-label=\"Contextuel\" data-gtm-event=\"customEventSPE\" data-fig-domain=\"LEFIGARO\" target=\"_blank\" rel=\"noopener\">Vinted<\/a>\u00a0menant en quelques clics de vente de v\u00eatements \u00e0 des propositions de contenus sexuels. Le site \u00abL&rsquo;Inform\u00e9\u00bb et d&rsquo;autres m\u00e9dias ont r\u00e9v\u00e9l\u00e9 ces derniers jours que des annonces visibles sur la c\u00e9l\u00e8bre plateforme de vente de produits de seconde main renvoient vers d&rsquo;autres messageries, via lesquelles leurs auteurs monnayent des contenus pornographiques. Contact\u00e9 par l&rsquo;AFP, Vinted a assur\u00e9 avoir \u00abune politique de tol\u00e9rance z\u00e9ro concernant les communications non sollicit\u00e9es \u00e0 caract\u00e8re sexuel ou la promotion de services sexuels\u00bb et prendre \u00abces situations tr\u00e8s au s\u00e9rieux\u00bb.<\/p>\n","protected":false},"excerpt":{"rendered":"Un reportage diffus\u00e9 dans le journal de 20 heures sur France 2 lundi r\u00e9v\u00e8le que des annonces diffus\u00e9es&hellip;\n","protected":false},"author":2,"featured_media":541066,"comment_status":"","ping_status":"","sticky":false,"template":"","format":"standard","meta":{"footnotes":""},"categories":[2],"tags":[11,4690,1011,27,8025,12,25,27700],"class_list":{"0":"post-541065","1":"post","2":"type-post","3":"status-publish","4":"format-standard","5":"has-post-thumbnail","7":"category-actualites","8":"tag-actualites","9":"tag-arcom","10":"tag-fr","11":"tag-france","12":"tag-leboncoin","13":"tag-news","14":"tag-republique-francaise","15":"tag-sarah-el-hairy"},"share_on_mastodon":{"url":"https:\/\/pubeurope.com\/@fr\/115567102891826028","error":""},"_links":{"self":[{"href":"https:\/\/www.europesays.com\/fr\/wp-json\/wp\/v2\/posts\/541065","targetHints":{"allow":["GET"]}}],"collection":[{"href":"https:\/\/www.europesays.com\/fr\/wp-json\/wp\/v2\/posts"}],"about":[{"href":"https:\/\/www.europesays.com\/fr\/wp-json\/wp\/v2\/types\/post"}],"author":[{"embeddable":true,"href":"https:\/\/www.europesays.com\/fr\/wp-json\/wp\/v2\/users\/2"}],"replies":[{"embeddable":true,"href":"https:\/\/www.europesays.com\/fr\/wp-json\/wp\/v2\/comments?post=541065"}],"version-history":[{"count":0,"href":"https:\/\/www.europesays.com\/fr\/wp-json\/wp\/v2\/posts\/541065\/revisions"}],"wp:featuredmedia":[{"embeddable":true,"href":"https:\/\/www.europesays.com\/fr\/wp-json\/wp\/v2\/media\/541066"}],"wp:attachment":[{"href":"https:\/\/www.europesays.com\/fr\/wp-json\/wp\/v2\/media?parent=541065"}],"wp:term":[{"taxonomy":"category","embeddable":true,"href":"https:\/\/www.europesays.com\/fr\/wp-json\/wp\/v2\/categories?post=541065"},{"taxonomy":"post_tag","embeddable":true,"href":"https:\/\/www.europesays.com\/fr\/wp-json\/wp\/v2\/tags?post=541065"}],"curies":[{"name":"wp","href":"https:\/\/api.w.org\/{rel}","templated":true}]}}