{"id":541071,"date":"2025-11-17T21:17:10","date_gmt":"2025-11-17T21:17:10","guid":{"rendered":"https:\/\/www.europesays.com\/fr\/541071\/"},"modified":"2025-11-17T21:17:10","modified_gmt":"2025-11-17T21:17:10","slug":"coupe-du-monde-et-relegations-pourquoi-les-bleus-ne-pourront-pas-prendre-le-nouveau-championnat-des-nations-a-la-legere-lequipe","status":"publish","type":"post","link":"https:\/\/www.europesays.com\/fr\/541071\/","title":{"rendered":"Coupe du monde et rel\u00e9gations : pourquoi les Bleus ne pourront pas prendre le nouveau Championnat des nations \u00e0 la l\u00e9g\u00e8re &#8211; L&#039;\u00c9quipe"},"content":{"rendered":"<ol>\n<li><a href=\"https:\/\/news.google.com\/rss\/articles\/CBMi_AFBVV95cUxNY0g5ODZaSDNQQTkyS3FNRS1Pei1kd0ZsVTMyREVsTlhrbTJwVlVObTZ0WEctZ1RPTWQ2a2ZLSFVaMzFZWE5KLTR0Szh2YlFwXzA4d2lEU3Myem5vMW91N0Y0ZXdDWElsMXdXS2NiSXhSMExOSUp1NEpvMmlLWW9pbGpBUGlwLW44OHlUeEdjeWFadU5BWHN4eDJlM3cwX0EwY1BTWEtwaGI3d2NqRlp4Wm1JNFBIUW5pVHA0dXZYeXVocXlaai16djNJaDYyVF9iMVhid0V1RE5SOXhvSVhpOWcxdkJHLTNVOXlWYXZUbjgwOGExMXpKRHRkYzA?oc=5\" target=\"_blank\" rel=\"nofollow noopener\">Coupe du monde et rel\u00e9gations : pourquoi les Bleus ne pourront pas prendre le nouveau Championnat des nations \u00e0 la l\u00e9g\u00e8re<\/a>&nbsp;&nbsp;L&rsquo;\u00c9quipe<\/li>\n<li><a href=\"https:\/\/news.google.com\/rss\/articles\/CBMigwJBVV95cUxOaXpLNUs0MnE2YV9rMVlGNVRla3gzNUNnSEZaMXhEc19TZC14ZXJGaFUycG9lS0RjRFVaOTFWd2dEdnQ2b0t2NC1xSld2NGE4YzFncjlFcGhocHJxVjVKejlUbU5MTzFVRHpTR1VCSzRRV3JhV3lNbHlRbWswVHVVdEZUWTVRVkFpeDJjV0NmUnNyOXdwUUZ0NGNaam5ZY0pjMnV1RUhhUFA5MDdWeGNWV1RkZExPNHJCUTRzeWJnZ1FGSm5iakY5Q3U5Q3pVNEtsN0NSb3hXWUI2OUxtOE5ra1FnbmZYcmVXd2tEdUdINmIzbGVRekZkM0RURHFGQ1Rxb093?oc=5\" target=\"_blank\" rel=\"nofollow noopener\">Nouveau duel contre les Springboks, crunch \u00e0 domicile\u2026 Le calendrier complet des Bleus en 2026<\/a>&nbsp;&nbsp;Rugbyrama<\/li>\n<li><a href=\"https:\/\/news.google.com\/rss\/articles\/CBMi7wFBVV95cUxOTmVMWFZGTGN0alJlUk9FZ0I1TklIODVCWTZNcDhpQjdFeEhQR3hUaUFyelN6V0NXa1pqRVRkU1E3a0FuZVlaZDc3NDRLTUgyaHpjMldROFd4eElfUDNuN2s5MEhyaUFsZzBhUFlmNVU2VXZTLUVyQW9seGhvWHEyYVVPcWgwcEktQnBuU0R0MVVjYmFYQTMwczhQS0ZRMHduRmFUaGFLc1pNUHZ3dmtNVTFDeTlFX1ZWRG9RRGNKUV9TZlV0SW9GSVZHRnVqRE0tM1pOT2hCcjhoc0ppbXBPSGdHcFNBNTJMemh5T0VXSdIB7gFBVV95cUxNOWxxTktKellybXAwSVNham1pcHc5bGg5STdDZHhuYWE0RmNzLTUtaW8xcHRqNnA2MFRlXzY5NkxIaE40NFA5ZVRmSW9YUE53enEwdi1aZk13eXdBb29URHp2WXBvNF80dUY3TU8xNF9QY3dqd21saEpYOHpVWFNSTHdiaElpTWxtRFhpNVV6UXJ3S0JpQ09rMzJHYjliWVdNZUsyX1lvWGlGWUxSYXJ3Y0tuWjBKTy1rTHlFbTF3eXNmcVZSVUcwWllIVUdiZDFzYUU1RUdOd1NiNmF2TGEwa1FpbXgxb1lqTXM5d05n?oc=5\" target=\"_blank\" rel=\"nofollow noopener\">Championnat des Nations : Un match en Nouvelle-Z\u00e9lande en ouverture pour le XV de France : Sports &#8211; Orange<\/a>&nbsp;&nbsp;Sports &#8211; Orange<\/li>\n<li><a href=\"https:\/\/news.google.com\/rss\/articles\/CBMitwJBVV95cUxNbi1WYnU0SlhVR2hfd1VadTV0QnZ1a0dCc195b1FrM2JObmxMN19zV2hGa0I1X0QzRGY0Ulk4WFloSl9mcUE3ZUMtd1U2SEhZRF9QQlNndDYxY2VTYVFkcFVReV9Hdk9MLWpEQkxEVnZJc3Mtbkk3dEtFT1ZoeDJ4MUVvOGVFOHVMbWN1T3NFWnBsQ0puN01hcmlMV0VaYzZUbm1kal91WnJ5akNvemdzbE1GNm8xcGZSVEZVZTNlTW9JWnpyMnNBV3ZRSDVMT0NIRnQyam1YNDh0X1F6QWNpQ2V6Y0xGSFlXVVR4bndWZkRSZWpSS3Mtd2VueXBEZEsyc2dIM2d4SHNPYjZCcUpjWHVOUVEyNTQyYUFvU3Q1c1JPRmQwYWxCYXFQdDFzTFJwTy1WUjVvOA?oc=5\" target=\"_blank\" rel=\"nofollow noopener\">Fin des tourn\u00e9es avec les \u00e9quipes B, futurs adversaires des Bleus&#8230; d\u00e9couvrez le Championnat des Nations, la nouvelle comp\u00e9tition qui veut r\u00e9volutionner le rugby international d\u00e8s 2026<\/a>&nbsp;&nbsp;RMC Sport<\/li>\n<li><a href=\"https:\/\/news.google.com\/rss\/articles\/CBMi1wFBVV95cUxPWE52MnVSMWh1RW5DRDcyN1QwcDBPdmhpSHdsdGlvd0dXUG5wbUNlZWNHMTdNYUlyLWM0UWh3aWpFU3F0SVNQU1c4YW9lT28yRFJpdUQyN2QyWHdtaVVVTWFhbGdGdFhiWnhQTHhWbFcwU245em5PLVBpWnZCQ2VxZzMycDIwZ1FmUzlQT0QxRWF0V3JDMDRMalpmMzd3cExXeHlsWkw1aEcxLUJWNHBQOGhBMW1ibFRRUzRQZHVLYzlodVBoeU4xX1BtT3BhLTJaeDFjY0lMaw?oc=5\" target=\"_blank\" rel=\"nofollow noopener\">XV de France : on conna\u00eet le programme de la Coupe des nations, l\u2019entr\u00e9e en mati\u00e8re sera cors\u00e9e<\/a>&nbsp;&nbsp;ladepeche.fr<\/li>\n<\/ol>\n","protected":false},"excerpt":{"rendered":"Coupe du monde et rel\u00e9gations : pourquoi les Bleus ne pourront pas prendre le nouveau Championnat des nations&hellip;\n","protected":false},"author":2,"featured_media":395849,"comment_status":"","ping_status":"","sticky":false,"template":"","format":"standard","meta":{"footnotes":""},"categories":[1416],"tags":[1011,27,479,1468,60],"class_list":{"0":"post-541071","1":"post","2":"type-post","3":"status-publish","4":"format-standard","5":"has-post-thumbnail","7":"category-rugby","8":"tag-fr","9":"tag-france","10":"tag-rugby","11":"tag-rugby-football","12":"tag-sports"},"share_on_mastodon":{"url":"https:\/\/pubeurope.com\/@fr\/115567122571351501","error":""},"_links":{"self":[{"href":"https:\/\/www.europesays.com\/fr\/wp-json\/wp\/v2\/posts\/541071","targetHints":{"allow":["GET"]}}],"collection":[{"href":"https:\/\/www.europesays.com\/fr\/wp-json\/wp\/v2\/posts"}],"about":[{"href":"https:\/\/www.europesays.com\/fr\/wp-json\/wp\/v2\/types\/post"}],"author":[{"embeddable":true,"href":"https:\/\/www.europesays.com\/fr\/wp-json\/wp\/v2\/users\/2"}],"replies":[{"embeddable":true,"href":"https:\/\/www.europesays.com\/fr\/wp-json\/wp\/v2\/comments?post=541071"}],"version-history":[{"count":0,"href":"https:\/\/www.europesays.com\/fr\/wp-json\/wp\/v2\/posts\/541071\/revisions"}],"wp:featuredmedia":[{"embeddable":true,"href":"https:\/\/www.europesays.com\/fr\/wp-json\/wp\/v2\/media\/395849"}],"wp:attachment":[{"href":"https:\/\/www.europesays.com\/fr\/wp-json\/wp\/v2\/media?parent=541071"}],"wp:term":[{"taxonomy":"category","embeddable":true,"href":"https:\/\/www.europesays.com\/fr\/wp-json\/wp\/v2\/categories?post=541071"},{"taxonomy":"post_tag","embeddable":true,"href":"https:\/\/www.europesays.com\/fr\/wp-json\/wp\/v2\/tags?post=541071"}],"curies":[{"name":"wp","href":"https:\/\/api.w.org\/{rel}","templated":true}]}}