{"id":541072,"date":"2025-11-17T21:18:16","date_gmt":"2025-11-17T21:18:16","guid":{"rendered":"https:\/\/www.europesays.com\/fr\/541072\/"},"modified":"2025-11-17T21:18:16","modified_gmt":"2025-11-17T21:18:16","slug":"le-n3-mondial-change-ses-plans-pour-la-saison-2026","status":"publish","type":"post","link":"https:\/\/www.europesays.com\/fr\/541072\/","title":{"rendered":"le n\u00b03 mondial change ses plans pour la saison 2026"},"content":{"rendered":"<p>                <img decoding=\"async\" src=\"https:\/\/www.europesays.com\/fr\/wp-content\/uploads\/2025\/11\/LB5z.jpg\" fetchpriority=\"high\" alt=\"Zverev annonc\u00e9 \u00e0 Rotterdam : le n\u00b03 mondial change ses plans pour la saison 2026\"\/><\/p>\n<p>Cette saison, Alexander Zverev avait fait le choix, apr\u00e8s sa finale perdue \u00e0 l\u2019Open d\u2019Australie, d\u2019effectuer la tourn\u00e9e am\u00e9ricaine sur terre battue au mois de f\u00e9vrier, aussi connue sous le nom de &lsquo;Golden Swing&rsquo;.<\/p>\n<p>Une premi\u00e8re dans la carri\u00e8re du n\u00b03 mondial qui ne lui avait pas forc\u00e9ment r\u00e9ussi : il avait \u00e9t\u00e9 battu en quarts \u00e0 Buenos Aires par Francisco Cerundolo, puis \u00e0 Rio par Francisco Comesana.<\/p>\n<p>En 2026, l\u2019Allemand va revoir ses plans, sa pr\u00e9sence pour l\u2019ATP 500 de Rotterdam (7-15 f\u00e9vrier) ayant \u00e9t\u00e9 officialis\u00e9e ce lundi.<\/p>\n<p>Zverev n\u2019a plus mis les pieds aux Pays-Bas depuis 2023 et une \u00e9limination au deuxi\u00e8me tour contre Tallon Griekspoor. Son meilleur r\u00e9sultat dans l\u2019\u00e9preuve n\u00e9erlandaise reste un quart de finale atteint il y a presque dix ans, en 2016.<\/p>\n","protected":false},"excerpt":{"rendered":"Cette saison, Alexander Zverev avait fait le choix, apr\u00e8s sa finale perdue \u00e0 l\u2019Open d\u2019Australie, d\u2019effectuer la tourn\u00e9e&hellip;\n","protected":false},"author":2,"featured_media":541073,"comment_status":"","ping_status":"","sticky":false,"template":"","format":"standard","meta":{"footnotes":""},"categories":[1415],"tags":[1011,27,60,1467],"class_list":{"0":"post-541072","1":"post","2":"type-post","3":"status-publish","4":"format-standard","5":"has-post-thumbnail","7":"category-tennis","8":"tag-fr","9":"tag-france","10":"tag-sports","11":"tag-tennis"},"share_on_mastodon":{"url":"https:\/\/pubeurope.com\/@fr\/115567127430740314","error":""},"_links":{"self":[{"href":"https:\/\/www.europesays.com\/fr\/wp-json\/wp\/v2\/posts\/541072","targetHints":{"allow":["GET"]}}],"collection":[{"href":"https:\/\/www.europesays.com\/fr\/wp-json\/wp\/v2\/posts"}],"about":[{"href":"https:\/\/www.europesays.com\/fr\/wp-json\/wp\/v2\/types\/post"}],"author":[{"embeddable":true,"href":"https:\/\/www.europesays.com\/fr\/wp-json\/wp\/v2\/users\/2"}],"replies":[{"embeddable":true,"href":"https:\/\/www.europesays.com\/fr\/wp-json\/wp\/v2\/comments?post=541072"}],"version-history":[{"count":0,"href":"https:\/\/www.europesays.com\/fr\/wp-json\/wp\/v2\/posts\/541072\/revisions"}],"wp:featuredmedia":[{"embeddable":true,"href":"https:\/\/www.europesays.com\/fr\/wp-json\/wp\/v2\/media\/541073"}],"wp:attachment":[{"href":"https:\/\/www.europesays.com\/fr\/wp-json\/wp\/v2\/media?parent=541072"}],"wp:term":[{"taxonomy":"category","embeddable":true,"href":"https:\/\/www.europesays.com\/fr\/wp-json\/wp\/v2\/categories?post=541072"},{"taxonomy":"post_tag","embeddable":true,"href":"https:\/\/www.europesays.com\/fr\/wp-json\/wp\/v2\/tags?post=541072"}],"curies":[{"name":"wp","href":"https:\/\/api.w.org\/{rel}","templated":true}]}}