{"id":541074,"date":"2025-11-17T21:22:14","date_gmt":"2025-11-17T21:22:14","guid":{"rendered":"https:\/\/www.europesays.com\/fr\/541074\/"},"modified":"2025-11-17T21:22:14","modified_gmt":"2025-11-17T21:22:14","slug":"pogacar-deja-fan-de-seixas","status":"publish","type":"post","link":"https:\/\/www.europesays.com\/fr\/541074\/","title":{"rendered":"Pogacar d\u00e9j\u00e0 fan de Seixas"},"content":{"rendered":"<p><strong>Dans une interview accord\u00e9e \u00e0 RMC<br \/>\nSport, Tadej Pogacar n&rsquo;a pas tari d&rsquo;\u00e9loges envers la nouvelle<br \/>\np\u00e9pite du cyclisme fran\u00e7ais, Paul Seixas.<\/strong><\/p>\n<p>Tadej Pogacar a une nouvelle fois r\u00e9gn\u00e9 sur la saison cycliste,<br \/>\navec 20 victoires au compteur, et \u00e0 27 ans, le Slov\u00e8ne est au<br \/>\nsommet de son art. <strong>Mais dans l\u2019ombre, certains coureurs<br \/>\nr\u00eavent de lui succ\u00e9der en tant que superstar du cyclisme mondial,<br \/>\net c\u2019est notamment le cas du Fran\u00e7ais Paul Seixas.<\/strong> Ag\u00e9 de<br \/>\n19 ans, le coureur de Decathlon \u2013 AG2R La Mondiale impressionne<br \/>\nd\u00e9j\u00e0. Il a fini fort la saison en terminant 13e de la tr\u00e8s<br \/>\ndifficile course en ligne des championnats du monde de Kigali, puis<br \/>\ntroisi\u00e8me de la course en ligne des championnats d\u2019Europe en<br \/>\nDr\u00f4me-Ard\u00e8che et septi\u00e8me du Tour de Lombardie.<\/p>\n<p>Trois courses remport\u00e9es par Tadej Pogacar, qui a donc pu<br \/>\nobserver de pr\u00e8s le talent du prodige tricolore. Dans une interview<br \/>\naccord\u00e9e \u00e0 RMC Sport ce week-end depuis Abu Dhabi aux<br \/>\nEmirats Arabes Unis, le Slov\u00e8ne n\u2019a pas tari d\u2019\u00e9loges envers le<br \/>\nLyonnais : \u00ab\u00a0C\u2019est d\u00e9j\u00e0 un coureur extraordinaire et un grand<br \/>\ntalent pour l\u2019avenir. Si vous ne lui mettez pas trop de pression,<br \/>\ncomme le font les m\u00e9dias fran\u00e7ais, je pense qu\u2019il accomplira de<br \/>\ngrandes choses. <strong>Un futur adversaire pour moi ? Je pense que<br \/>\noui.<\/strong> Je pense qu\u2019il est possible qu\u2019il soit d\u00e9j\u00e0 dans le<br \/>\npeloton de t\u00eate l\u2019ann\u00e9e prochaine ou dans deux ans. Je pense que<br \/>\nl\u2019avenir est tout proche pour lui, mais il n\u2019a pas besoin de se<br \/>\npr\u00e9cipiter. Il a donc le temps.\u00a0\u00bb<\/p>\n<p>Un Grand Tour pour Seixas en<br \/>\n2026<\/p>\n<p>La saison prochaine, Paul Seixas va prendre part \u00e0 son premier<br \/>\nGrand Tour, et il d\u00e9cidera prochainement avec son \u00e9quipe si ce sera<br \/>\nle Tour de France, le Giro ou la Vuelta. Tadej Pocagar n\u2019a pas<br \/>\nencore d\u00e9voil\u00e9 son programme pour 2026 non plus, et on ne sait donc<br \/>\npas encore si le Slov\u00e8ne et le Fran\u00e7ais se retrouveront en<br \/>\nconfrontation directe pendant trois semaines. <strong>En 2019, pour<br \/>\nson tout premier Grand Tour, \u00ab\u00a0Pogi\u00a0\u00bb avait termin\u00e9 3e de<br \/>\nla Vuelta, en gagnant trois \u00e9tapes et le maillot du meilleur jeune,<br \/>\n\u00e0 21 ans.<\/strong> Ses r\u00e9sultats sur sa premi\u00e8re course de trois<br \/>\nsemaines seront l\u2019occasion de savoir si Seixas (20 ans en septembre<br \/>\n2026) est bel et bien fait du m\u00eame moule que son illustre a\u00een\u00e9.<\/p>\n","protected":false},"excerpt":{"rendered":"Dans une interview accord\u00e9e \u00e0 RMC Sport, Tadej Pogacar n&rsquo;a pas tari d&rsquo;\u00e9loges envers la nouvelle p\u00e9pite du&hellip;\n","protected":false},"author":2,"featured_media":541075,"comment_status":"","ping_status":"","sticky":false,"template":"","format":"standard","meta":{"footnotes":""},"categories":[1411],"tags":[1154,207,1011,27,4350,65921,57681,60],"class_list":{"0":"post-541074","1":"post","2":"type-post","3":"status-publish","4":"format-standard","5":"has-post-thumbnail","7":"category-cyclisme","8":"tag-cycling","9":"tag-cyclisme","10":"tag-fr","11":"tag-france","12":"tag-pogacar","13":"tag-seixas","14":"tag-sport365-fr","15":"tag-sports"},"share_on_mastodon":{"url":"https:\/\/pubeurope.com\/@fr\/115567142200738045","error":""},"_links":{"self":[{"href":"https:\/\/www.europesays.com\/fr\/wp-json\/wp\/v2\/posts\/541074","targetHints":{"allow":["GET"]}}],"collection":[{"href":"https:\/\/www.europesays.com\/fr\/wp-json\/wp\/v2\/posts"}],"about":[{"href":"https:\/\/www.europesays.com\/fr\/wp-json\/wp\/v2\/types\/post"}],"author":[{"embeddable":true,"href":"https:\/\/www.europesays.com\/fr\/wp-json\/wp\/v2\/users\/2"}],"replies":[{"embeddable":true,"href":"https:\/\/www.europesays.com\/fr\/wp-json\/wp\/v2\/comments?post=541074"}],"version-history":[{"count":0,"href":"https:\/\/www.europesays.com\/fr\/wp-json\/wp\/v2\/posts\/541074\/revisions"}],"wp:featuredmedia":[{"embeddable":true,"href":"https:\/\/www.europesays.com\/fr\/wp-json\/wp\/v2\/media\/541075"}],"wp:attachment":[{"href":"https:\/\/www.europesays.com\/fr\/wp-json\/wp\/v2\/media?parent=541074"}],"wp:term":[{"taxonomy":"category","embeddable":true,"href":"https:\/\/www.europesays.com\/fr\/wp-json\/wp\/v2\/categories?post=541074"},{"taxonomy":"post_tag","embeddable":true,"href":"https:\/\/www.europesays.com\/fr\/wp-json\/wp\/v2\/tags?post=541074"}],"curies":[{"name":"wp","href":"https:\/\/api.w.org\/{rel}","templated":true}]}}