{"id":541076,"date":"2025-11-17T21:23:19","date_gmt":"2025-11-17T21:23:19","guid":{"rendered":"https:\/\/www.europesays.com\/fr\/541076\/"},"modified":"2025-11-17T21:23:19","modified_gmt":"2025-11-17T21:23:19","slug":"ca-coince-pour-endrick-a-lol-annonce-la-presse-espagnole","status":"publish","type":"post","link":"https:\/\/www.europesays.com\/fr\/541076\/","title":{"rendered":"\u00c7a coince pour Endrick \u00e0 l&rsquo;OL annonce la presse espagnole"},"content":{"rendered":"<p><b>Le dossier Endrick se complique d&rsquo;un seul coup pour l&rsquo;OL. Alors que le club de Michele Kang paraissait avoir convaincu l&rsquo;attaquant br\u00e9silien du Real Madrid, les choses ont \u00e9volu\u00e9 ces derniers jours, r\u00e9v\u00e8le la presse espagnole. <\/b><\/p>\n<p>Depuis plusieurs semaines, <a href=\"https:\/\/www.foot01.com\/ol\/-here-we-go-lol-annonce-endrick\" target=\"_self\" rel=\"noopener\">Fabrizio Romano dit que le dossier Endrick est boucl\u00e9 pour l&rsquo;Olympique Lyonnais<\/a>. Le sp\u00e9cialiste mondial du <a href=\"https:\/\/www.foot01.com\/mercato\" title=\"Mercato\" target=\"_blank\" rel=\"noopener\">mercato<\/a> a m\u00eame dit au d\u00e9but du mois de novembre que tout devait se boucler bien avant le mercato d&rsquo;hiver. Pour l&rsquo;instant, l&rsquo;optimisme est de rigueur, puisque Paulo Fonseca s&rsquo;est m\u00eame directement entretenu avec l&rsquo;avant-centre br\u00e9silien du Real Madrid. La semaine pass\u00e9e, la presse sud-am\u00e9ricaine affirmait m\u00eame que l&rsquo;OL \u00e9tait d\u00e9j\u00e0 en qu\u00eate d&rsquo;un logement pour Endrick et ses proches dans la capitale des Gaules. Ce week-end, n&rsquo;ayant pas \u00e9t\u00e9 retenu par la Sele\u00e7ao, le joueur de 19 ans a \u00e9t\u00e9 rep\u00e9r\u00e9 en France avec sa compagne, mais c&rsquo;\u00e9tait \u00e0 Paris. Et ce lundi, la presse espagnole met un gros coup de frein dans cette possible op\u00e9ration.Chelsea veut faire capoter le pr\u00eat d&rsquo;Endrick \u00e0 Lyon<\/p>\n<p>H\u00e9ctor Andreu, journaliste pour Fichajes.net, confirme que Chelsea a totalement chang\u00e9 la situation. M\u00eame si Endrick est toujours plus proche de l&rsquo;Olympique Lyonnais que du club de Premier League, les dirigeants anglais ont des arguments que le Real Madrid et l&rsquo;attaquant ont \u00e9cout\u00e9 avec attention. \u00ab\u00a0Le club fran\u00e7ais offre du temps de jeu \u00e0 Endrick, un r\u00f4le important et un projet qui respecte le d\u00e9veloppement d&rsquo;un jeune talent. C&rsquo;est pourquoi, \u00e0 Valdebebas, on estime que son adaptation serait plus naturelle en France qu&rsquo;en Premier League. Chelsea, cependant, ne baisse pas les bras. Le club souhaite conna\u00eetre directement les options qui s&rsquo;offrent \u00e0 lui pour faire capoter l&rsquo;accord entre le Real Madrid et le club fran\u00e7ais afin de recruter l&rsquo;un des jeunes joueurs les plus prometteurs du continent\u00a0\u00bb, explique notre confr\u00e8re espagnol.<\/p>\n<p>Endrick veut jouer le Mondial 2026 avec le Br\u00e9sil<\/p>\n<p>Il est vrai que sportivement, Chelsea est plus sexy que l&rsquo;Olympique Lyonnais, le club anglais disputant la Ligue des champions et \u00e9tant en course pour le titre de Premier League. De quoi permettre \u00e0 Endrick d&rsquo;avoir de la visibilit\u00e9 aupr\u00e8s de Carlo Ancelotti, l&rsquo;avant-centre \u00e9tant d\u00e9termin\u00e9 \u00e0 disputer le Mondial 2026 avec le Br\u00e9sil. Sauf que si l&rsquo;OL peut assurer du temps de jeu au joueur madril\u00e8ne, ce ne sera pas le cas du c\u00f4t\u00e9 de Stamford Bridge. Enzo Maresca a l&#8217;embarras du choix sur le plan offensif, et Endrick n&rsquo;aura aucun passe-droit. De quoi faire r\u00e9fl\u00e9chir la p\u00e9pite br\u00e9silienne du Real Madrid.\u00a0<\/p>\n<p><img decoding=\"async\" src=\"https:\/\/www.europesays.com\/fr\/wp-content\/uploads\/2025\/10\/37647009.png\" alt=\"E. Moreira de Sousa\" class=\"w-16 h-16 object-cover rounded-full\"\/><\/p>\n<p>E. Moreira de Sousa<\/p>\n<p><img decoding=\"async\" src=\"https:\/\/www.europesays.com\/fr\/wp-content\/uploads\/2025\/09\/br.png\" alt=\"Brazil\" class=\"w-6 h-4 object-cover\"\/>Br\u00e9sil \u2022 \u00c2ge 19 \u2022 Attaquant<\/p>\n","protected":false},"excerpt":{"rendered":"Le dossier Endrick se complique d&rsquo;un seul coup pour l&rsquo;OL. Alors que le club de Michele Kang paraissait&hellip;\n","protected":false},"author":2,"featured_media":541077,"comment_status":"","ping_status":"","sticky":false,"template":"","format":"standard","meta":{"footnotes":""},"categories":[1410],"tags":[63,1011,27,453,1434,241,60],"class_list":{"0":"post-541076","1":"post","2":"type-post","3":"status-publish","4":"format-standard","5":"has-post-thumbnail","7":"category-football","8":"tag-football","9":"tag-fr","10":"tag-france","11":"tag-liga","12":"tag-mercato","13":"tag-ol","14":"tag-sports"},"share_on_mastodon":{"url":"https:\/\/pubeurope.com\/@fr\/115567147246229271","error":""},"_links":{"self":[{"href":"https:\/\/www.europesays.com\/fr\/wp-json\/wp\/v2\/posts\/541076","targetHints":{"allow":["GET"]}}],"collection":[{"href":"https:\/\/www.europesays.com\/fr\/wp-json\/wp\/v2\/posts"}],"about":[{"href":"https:\/\/www.europesays.com\/fr\/wp-json\/wp\/v2\/types\/post"}],"author":[{"embeddable":true,"href":"https:\/\/www.europesays.com\/fr\/wp-json\/wp\/v2\/users\/2"}],"replies":[{"embeddable":true,"href":"https:\/\/www.europesays.com\/fr\/wp-json\/wp\/v2\/comments?post=541076"}],"version-history":[{"count":0,"href":"https:\/\/www.europesays.com\/fr\/wp-json\/wp\/v2\/posts\/541076\/revisions"}],"wp:featuredmedia":[{"embeddable":true,"href":"https:\/\/www.europesays.com\/fr\/wp-json\/wp\/v2\/media\/541077"}],"wp:attachment":[{"href":"https:\/\/www.europesays.com\/fr\/wp-json\/wp\/v2\/media?parent=541076"}],"wp:term":[{"taxonomy":"category","embeddable":true,"href":"https:\/\/www.europesays.com\/fr\/wp-json\/wp\/v2\/categories?post=541076"},{"taxonomy":"post_tag","embeddable":true,"href":"https:\/\/www.europesays.com\/fr\/wp-json\/wp\/v2\/tags?post=541076"}],"curies":[{"name":"wp","href":"https:\/\/api.w.org\/{rel}","templated":true}]}}