{"id":541078,"date":"2025-11-17T21:24:17","date_gmt":"2025-11-17T21:24:17","guid":{"rendered":"https:\/\/www.europesays.com\/fr\/541078\/"},"modified":"2025-11-17T21:24:17","modified_gmt":"2025-11-17T21:24:17","slug":"aya-nakamura-en-visite-a-la-star-academy-devoile-un-morceau-de-son-nouvel-album-destinee-et-sa-tracklist-dans-la-foulee","status":"publish","type":"post","link":"https:\/\/www.europesays.com\/fr\/541078\/","title":{"rendered":"Aya Nakamura, en visite \u00e0 la \u00ab\u00a0Star Academy\u00a0\u00bb, d\u00e9voile un morceau de son nouvel album \u00ab\u00a0Destin\u00e9e\u00a0\u00bb et sa tracklist dans la foul\u00e9e"},"content":{"rendered":"<p class=\"paragraph text_align_left lp-f-body-02\">On avait quitt\u00e9 <a href=\"https:\/\/www.leparisien.fr\/culture-loisirs\/tv\/star-academy-coup-de-theatre-ema-abandonne-et-sauve-leane-15-11-2025-OAKPSMM4WVAHVAVK443UVSBSXM.php\" target=\"_blank\" rel=\"noreferrer noopener\">la \u00ab Star Ac\u2019 \u00bb ce<\/a> week-end sur un coup de tonnerre ! Un fait rare en pr\u00e8s de vingt-cinq ans d\u2019histoire, risquant l\u2019\u00e9limination, apr\u00e8s le sauvetage de Th\u00e9o par le public et juste avant le vote d\u00e9cisif de ses colocataires, <a href=\"https:\/\/www.leparisien.fr\/culture-loisirs\/tv\/star-academy-coup-de-theatre-ema-abandonne-et-sauve-leane-15-11-2025-OAKPSMM4WVAHVAVK443UVSBSXM.php\" rel=\"noopener\" target=\"_blank\">la candidate Ema avait pr\u00e9f\u00e9r\u00e9 prendre le taureau par les cornes et abandonner<\/a>, qualifiant ainsi d\u2019office L\u00e9ane. Un choc pour le public et pour les \u00e9l\u00e8ves restants. Mais ce lundi en voil\u00e0, un autre mais plus th\u00e9\u00e2tral celui-ci.<\/p>\n<p class=\"paragraph text_align_left lp-f-body-02\">Apr\u00e8s une matin\u00e9e classique, les \u00e9l\u00e8ves du t\u00e9l\u00e9-crochet sont rendus au cours de sport ou l\u00e0 \u00ab prod \u00bb leurs avait r\u00e9serv\u00e9 une surprise de taille, l\u2019arriv\u00e9e d\u2019une artiste de renomm\u00e9e internationale : <a href=\"https:\/\/www.leparisien.fr\/culture-loisirs\/musique\/direct-aya-nakamura-ses-concerts-au-stade-de-france-son-album-ses-secrets-posez-nous-vos-questions-sur-la-chanteuse-star-07-11-2025-JXFWNNGQXFHHJHVRJ4AZPO2Z7A.php\" target=\"_blank\" rel=\"noreferrer noopener\">rien moins qu\u2019Aya Nakamura<\/a> !<\/p>\n<p class=\"paragraph text_align_left lp-f-body-02\">Le professeur de sport a demand\u00e9 aux jeunes chanteurs venus apprendre une chor\u00e9graphie de la chanteuse de mettre un bandeau sur les yeux ce qui a accentu\u00e9 l\u2019effet de surprise.<\/p>\n<p class=\"paragraph text_align_left lp-f-body-02\">C\u2019est \u00e0 ce moment que <a href=\"https:\/\/www.leparisien.fr\/jo-paris-2024\/jo-paris-2024-aya-nakamura-et-la-garde-republicaine-quel-symbole-quelle-prestation-26-07-2024-PX2PAYJFDJAMVGXS4H37JLQIHI.php\" target=\"_self\" rel=\"noopener\">la diva qui a mis le feu \u00e0 la c\u00e9r\u00e9monie d\u2019ouverture des JO de Paris 2024<\/a> est entr\u00e9e dans la salle de danse, cr\u00e9ant un vent de folie chez les candidats. Finalement ce n\u2019est pas forc\u00e9ment les jeunes chanteurs qui ont \u00e9t\u00e9 les plus intimid\u00e9s. \u00ab J\u2019appr\u00e9hendais la rencontre, moi c\u2019est la premi\u00e8re fois au ch\u00e2teau, je suis en mode waouh. Je regarde depuis 20 ans la \u00ab Star Academy \u00bb et l\u00e0, je suis l\u00e0. C\u2019est dingue ! \u00bb, a comment\u00e9 la chanteuse en direct avant de s\u2019entretenir avec les \u00e9l\u00e8ves.<\/p>\n<p class=\"paragraph text_align_left lp-f-body-02\">Elle en a profit\u00e9 pour r\u00e9v\u00e9ler un des nouveaux morceaux de son album \u00ab Destin\u00e9e \u00bb qui sort en fin de semaine et est tr\u00e8s attendu par son public mondial.<\/p>\n<p>Promotion de son album \u00ab Destin\u00e9e \u00bb<\/p>\n<p class=\"paragraph text_align_left lp-f-body-02\">C\u2019est d\u2019ailleurs dans le cadre de sa \u00ab promo \u00bb qu\u2019Aya Nakamura va partager la sc\u00e8ne avec les \u00e9l\u00e8ves de la \u00ab Star Academy \u00bb en fin de semaine. \u00ab Elle nous fera aussi le plaisir d\u2019\u00eatre avec nous sur le prime de vendredi, donc \u00e7a, c\u2019est quand m\u00eame une folie \u00bb , a annonc\u00e9 Michael Goldman. La chanteuse sera accompagn\u00e9e de deux ou trois \u00e9l\u00e8ves et c\u2019est Jonathan Jenvrin, le chor\u00e9graphe de l\u2019\u00e9mission, qui fera le choix de ses accompagnateurs sur sc\u00e8ne. L\u2019artiste a aussi r\u00e9v\u00e9l\u00e9 la tracklist de son album \u00e9v\u00e9nement dans la foul\u00e9e<\/p>\n<p class=\"paragraph text_align_left lp-f-body-02\">Une belle op\u00e9ration de communication bien orchestr\u00e9e en quelque sorte, \u00e0 quelques mois <a href=\"https:\/\/www.leparisien.fr\/culture-loisirs\/musique\/aya-nakamura-stade-de-france-preventes-delirantes-polemiques-5-minutes-pour-comprendre-lengouement-xxl-31-10-2025-AKBC5TKFHBDWTIMOYP4P5KKU3U.php\" target=\"_blank\" rel=\"noreferrer noopener\">de ses trois stades de France<\/a>.<\/p>\n","protected":false},"excerpt":{"rendered":"On avait quitt\u00e9 la \u00ab Star Ac\u2019 \u00bb ce week-end sur un coup de tonnerre ! Un fait&hellip;\n","protected":false},"author":2,"featured_media":541079,"comment_status":"","ping_status":"","sticky":false,"template":"","format":"standard","meta":{"footnotes":""},"categories":[1359],"tags":[872,58,59,1011,27,873,973],"class_list":{"0":"post-541078","1":"post","2":"type-post","3":"status-publish","4":"format-standard","5":"has-post-thumbnail","7":"category-people","8":"tag-culture-et-loisirs","9":"tag-divertissement","10":"tag-entertainment","11":"tag-fr","12":"tag-france","13":"tag-musique","14":"tag-people"},"share_on_mastodon":{"url":"https:\/\/pubeurope.com\/@fr\/115567150075293314","error":""},"_links":{"self":[{"href":"https:\/\/www.europesays.com\/fr\/wp-json\/wp\/v2\/posts\/541078","targetHints":{"allow":["GET"]}}],"collection":[{"href":"https:\/\/www.europesays.com\/fr\/wp-json\/wp\/v2\/posts"}],"about":[{"href":"https:\/\/www.europesays.com\/fr\/wp-json\/wp\/v2\/types\/post"}],"author":[{"embeddable":true,"href":"https:\/\/www.europesays.com\/fr\/wp-json\/wp\/v2\/users\/2"}],"replies":[{"embeddable":true,"href":"https:\/\/www.europesays.com\/fr\/wp-json\/wp\/v2\/comments?post=541078"}],"version-history":[{"count":0,"href":"https:\/\/www.europesays.com\/fr\/wp-json\/wp\/v2\/posts\/541078\/revisions"}],"wp:featuredmedia":[{"embeddable":true,"href":"https:\/\/www.europesays.com\/fr\/wp-json\/wp\/v2\/media\/541079"}],"wp:attachment":[{"href":"https:\/\/www.europesays.com\/fr\/wp-json\/wp\/v2\/media?parent=541078"}],"wp:term":[{"taxonomy":"category","embeddable":true,"href":"https:\/\/www.europesays.com\/fr\/wp-json\/wp\/v2\/categories?post=541078"},{"taxonomy":"post_tag","embeddable":true,"href":"https:\/\/www.europesays.com\/fr\/wp-json\/wp\/v2\/tags?post=541078"}],"curies":[{"name":"wp","href":"https:\/\/api.w.org\/{rel}","templated":true}]}}