{"id":541092,"date":"2025-11-17T21:32:10","date_gmt":"2025-11-17T21:32:10","guid":{"rendered":"https:\/\/www.europesays.com\/fr\/541092\/"},"modified":"2025-11-17T21:32:10","modified_gmt":"2025-11-17T21:32:10","slug":"lamour-est-dans-le-pre-isabelle-et-jean-louis-a-nouveau-en-couple-au-bilan","status":"publish","type":"post","link":"https:\/\/www.europesays.com\/fr\/541092\/","title":{"rendered":"L\u2019amour est dans le pr\u00e9 : Isabelle et Jean-Louis \u00e0 nouveau en couple au bilan ?"},"content":{"rendered":"<p>Apr\u00e8s plusieurs semaines bourr\u00e9es d\u2019\u00e9motions et de surprises, la<br \/>\nsaison 20 de L\u2019amour est dans le pr\u00e9 touche \u00e0 sa fin sur M6. Cette<br \/>\nsaison anniversaire s\u2019est r\u00e9v\u00e9l\u00e9e pleine de rebondissements et, a<br \/>\npriori, <strong>plut\u00f4t r\u00e9ussie au niveau du nombre de couples qui<br \/>\nse sont form\u00e9s<\/strong>. C\u2019est notamment le cas pour Jean-Louis et<br \/>\nIsabelle qui, <a href=\"https:\/\/www.closermag.fr\/tv_tele_realite\/lamour-est-dans-le-pre-spoiler-tu-veux-cette-question-completement-deplacee-disabelle-au-depart-de-sylvie-3585706\" target=\"_blank\" rel=\"noopener\"><br \/>\napr\u00e8s le d\u00e9part de Sylvie<\/a>, ont pu se rapprocher et se d\u00e9clarer<br \/>\nleurs sentiments. Devant les proches de l\u2019agriculteur, Isabelle a<br \/>\ntenu des mots bouleversants qui ont chamboul\u00e9 Jean-Louis.<\/p>\n<p>C\u2019est donc tout naturellement qu\u2019il l\u2019a emmen\u00e9e sur le petit<br \/>\npont montr\u00e9 \u00e0 Karine Le Marchand dans son portrait pour lui faire<br \/>\nune d\u00e9claration qui auraient m\u00eame pu avoir <a href=\"https:\/\/www.closermag.fr\/tv_tele_realite\/lamour-est-dans-le-pre-jean-louis-vient-il-vraiment-de-demander-isabelle-en-mariage-3592075\" rel=\"noopener\" target=\"_blank\">des airs de demande en mariage<\/a>. Quand on les a laiss\u00e9s,<br \/>\n<strong>Jean-Louis et Isabelle \u00e9taient sur leur petit<br \/>\nnuage<\/strong>, pr\u00eats \u00e0 avancer \u00e0 deux. Mais celles et ceux qui ont<br \/>\nd\u00e9j\u00e0 jet\u00e9 un \u0153il \u00e0 l\u2019\u00e9pisode de ce soir disponible depuis une<br \/>\nsemaine sur <a href=\"https:\/\/www.m6.fr\/\" rel=\"nofollow noopener\" target=\"_blank\">M6+<\/a><br \/>\nsavent que \u00e7a n\u2019a pas dur\u00e9. En effet il semblerait que les s\u00e9jours<br \/>\n\u00e0 la ferme d\u2019Isabelle qui ont suivi ne se soient pas aussi bien<br \/>\npass\u00e9s que le premier.<\/p>\n<p>L\u2019amour est dans le pr\u00e9 : Isabelle et Jean-Louis vont-ils se<br \/>\nremettre ensemble ?<\/p>\n<p>Dans l\u2019\u00e9pisode diffus\u00e9 ce 17 novembre sur M6, on retrouve donc<br \/>\nJean-Louis qui rend visite \u00e0 Isabelle pour mettre les choses au<br \/>\nclair. Le couple se rend dans un \u00ab\u00a0endroit neutre\u00a0\u00bb pour<br \/>\nparler mais rien n\u2019y fait. Les anciens tourtereaux semblent se<br \/>\ntrouver dans une impasse, et c\u2019est le c\u0153ur lourd qu\u2019Isabelle quitte<br \/>\nle restaurant, <strong>d\u00e9\u00e7ue que Jean-Louis n\u2019ait pas cherch\u00e9 \u00e0 se<br \/>\nbattre davantage pour leur relation.<\/strong> Mais leur histoire<br \/>\nest-elle d\u00e9finitivement termin\u00e9e pour autant ? Rien n\u2019est moins<br \/>\ns\u00fbr\u2026<\/p>\n<p>En admettant qu\u2019elle aurait voulu qu\u2019il se batte pour eux,<br \/>\nIsabelle semble dire que de son c\u00f4t\u00e9, la porte \u00e9tait toujours<br \/>\nouverte si Jean-Louis est pr\u00eat \u00e0 davantage s\u2019investir. Et ce n\u2019est<br \/>\npas tout. Apr\u00e8s que Jean-Louis ait d\u00e9couvert <a href=\"https:\/\/www.closermag.fr\/tv_tele_realite\/lamour-est-dans-le-pre-spoiler-ce-cadeau-dadieu-disabelle-a-jean-louis-qui-veut-tout-dire-3592960\" target=\"_blank\" rel=\"noopener\"><br \/>\nle cadeau qu\u2019Isabelle lui a laiss\u00e9<\/a> &#8211; la panoplie offerte sur le<br \/>\npetit pont &#8211; <strong>Karine Le Marchand laisse entendre qu\u2019il y a<br \/>\nde l\u2019espoir.<\/strong> \u00ab\u00a0Notre aventurier de l\u2019amour perdu<br \/>\nsignera-t-il un come-back en duo lors du bilan ? Avec ces deux-l\u00e0,<br \/>\non n\u2019est peut-\u00eatre pas \u00e0 l\u2019abri d\u2019un retournement de situation, foi<br \/>\nde Tata Kaka\u00a0\u00bb.<\/p>\n<p>Isabelle de retour au bilan<\/p>\n<p>Enfin dans l\u2019aper\u00e7u du bilan qui sera diffus\u00e9 en deux parties<br \/>\nles 24 novembre et 1er d\u00e9cembre prochain, <strong>Isabelle appara\u00eet<br \/>\nquelques secondes<\/strong>. Il se peut \u00e9videmment qu\u2019elle soit<br \/>\nsimplement venue mettre les choses au clair avec Jean-Louis devant<br \/>\nKarine Le Marchand, mais sa pr\u00e9sence pourrait aussi vouloir dire<br \/>\nque le couple s\u2019est laiss\u00e9 une nouvelle chance\u2026<\/p>\n","protected":false},"excerpt":{"rendered":"Apr\u00e8s plusieurs semaines bourr\u00e9es d\u2019\u00e9motions et de surprises, la saison 20 de L\u2019amour est dans le pr\u00e9 touche&hellip;\n","protected":false},"author":2,"featured_media":541093,"comment_status":"","ping_status":"","sticky":false,"template":"","format":"standard","meta":{"footnotes":""},"categories":[8],"tags":[10281,58,59,1011,27,5413,9307],"class_list":{"0":"post-541092","1":"post","2":"type-post","3":"status-publish","4":"format-standard","5":"has-post-thumbnail","7":"category-divertissement","8":"tag-buzz-nonli","9":"tag-divertissement","10":"tag-entertainment","11":"tag-fr","12":"tag-france","13":"tag-karine-le-marchand","14":"tag-lamour-est-dans-le-pre"},"share_on_mastodon":{"url":"https:\/\/pubeurope.com\/@fr\/115567181489638897","error":""},"_links":{"self":[{"href":"https:\/\/www.europesays.com\/fr\/wp-json\/wp\/v2\/posts\/541092","targetHints":{"allow":["GET"]}}],"collection":[{"href":"https:\/\/www.europesays.com\/fr\/wp-json\/wp\/v2\/posts"}],"about":[{"href":"https:\/\/www.europesays.com\/fr\/wp-json\/wp\/v2\/types\/post"}],"author":[{"embeddable":true,"href":"https:\/\/www.europesays.com\/fr\/wp-json\/wp\/v2\/users\/2"}],"replies":[{"embeddable":true,"href":"https:\/\/www.europesays.com\/fr\/wp-json\/wp\/v2\/comments?post=541092"}],"version-history":[{"count":0,"href":"https:\/\/www.europesays.com\/fr\/wp-json\/wp\/v2\/posts\/541092\/revisions"}],"wp:featuredmedia":[{"embeddable":true,"href":"https:\/\/www.europesays.com\/fr\/wp-json\/wp\/v2\/media\/541093"}],"wp:attachment":[{"href":"https:\/\/www.europesays.com\/fr\/wp-json\/wp\/v2\/media?parent=541092"}],"wp:term":[{"taxonomy":"category","embeddable":true,"href":"https:\/\/www.europesays.com\/fr\/wp-json\/wp\/v2\/categories?post=541092"},{"taxonomy":"post_tag","embeddable":true,"href":"https:\/\/www.europesays.com\/fr\/wp-json\/wp\/v2\/tags?post=541092"}],"curies":[{"name":"wp","href":"https:\/\/api.w.org\/{rel}","templated":true}]}}