{"id":541097,"date":"2025-11-17T21:36:18","date_gmt":"2025-11-17T21:36:18","guid":{"rendered":"https:\/\/www.europesays.com\/fr\/541097\/"},"modified":"2025-11-17T21:36:18","modified_gmt":"2025-11-17T21:36:18","slug":"trump-se-dit-pret-a-lancer-des-frappes-americaines-au-mexique-pour-mettre-fin-au-trafic-de-drogue","status":"publish","type":"post","link":"https:\/\/www.europesays.com\/fr\/541097\/","title":{"rendered":"Trump se dit pr\u00eat \u00e0 lancer des frappes am\u00e9ricaines au Mexique pour mettre fin au trafic de drogue"},"content":{"rendered":"<p>            <a href=\"https:\/\/www.lefigaro.fr\/international\/au-japon-la-nouvelle-premiere-ministre-au-coeur-de-la-controverse-pour-avoir-fait-travailler-ses-collaborateurs-a-3-heures-du-matin-20251113\" class=\"fig-ranking-profile-link\" aria-label=\"Au Japon, la nouvelle premi\u00e8re ministre au c\u0153ur de la controverse pour avoir fait travailler ses collaborateurs \u00e0 3 heures du matin (article Premium)\" title=\"Au Japon, la nouvelle premi\u00e8re ministre au c\u0153ur de la controverse pour avoir fait travailler ses collaborateurs \u00e0 3 heures du matin (article Premium)\" data-fig-domain=\"LEFIGARO\" target=\"_blank\" rel=\"noopener\"><\/p>\n<p>        Au Japon, la nouvelle premi\u00e8re ministre au c\u0153ur de la controverse pour avoir fait travailler ses collaborateurs \u00e0 3 heures du matin<\/p>\n<p>                                                <\/a><\/p>\n<p>        <img   class=\"fig-img fig-ranking-profile-media-small-picture__photo\" alt=\"Au Japon, la nouvelle premi\u00e8re ministre au c\u0153ur de la controverse pour avoir fait travailler ses collaborateurs \u00e0 3 heures du matin\" height=\"2000\" width=\"3000\"\/><\/p>\n<p class=\"fig-ranking-profile-standfirst\">\n    <strong>R\u00c9CIT <\/strong>&#8211; Sanae Takaichi, fra\u00eechement nomm\u00e9e premi\u00e8re ministre, s\u2019est r\u00e9cemment dite oppos\u00e9e \u00e0 l\u2019\u00e9quilibre entre le travail et la vie personnelle, dans un pays o\u00f9 le \u00abkar\u014dshi\u00bb, ou \u00abmort par surmenage au travail\u00bb, est une r\u00e9alit\u00e9.\n<\/p>\n<p>            <a href=\"https:\/\/www.lefigaro.fr\/international\/consequences-imprevisibles-giorgia-meloni-face-a-un-choix-la-presse-italienne-s-emeut-des-tensions-diplomatiques-entre-rome-et-paris-20250823\" class=\"fig-ranking-profile-link\" data-fig-domain=\"LEFIGARO\" target=\"_blank\" rel=\"noopener\"><\/p>\n<p>        \u00abCons\u00e9quences impr\u00e9visibles\u00bb, Giorgia Meloni \u00abface \u00e0 un choix\u00bb\u00a0: la presse italienne s\u2019\u00e9meut des tensions diplomatiques entre Rome et Paris<\/p>\n<p>                                                <\/a><\/p>\n<p>        <img   class=\"fig-img fig-ranking-profile-media-small-picture__photo\" alt=\"\u00abCons\u00e9quences impr\u00e9visibles\u00bb, Giorgia Meloni \u00abface \u00e0 un choix\u00bb\u00a0: la presse italienne s\u2019\u00e9meut des tensions diplomatiques entre Rome et Paris\" height=\"2000\" width=\"3000\"\/><\/p>\n<p class=\"fig-ranking-profile-standfirst\">\n    <strong>REVUE DE PRESSE &#8211;<\/strong> Interrog\u00e9 lors d\u2019un d\u00e9placement \u00e0 Milan sur un \u00e9ventuel d\u00e9ploiement de soldats italiens en Ukraine, le vice-premier ministre italien Matteo Salvini avait sugg\u00e9r\u00e9 qu\u2019Emmanuel Macron \u00aby aille lui-m\u00eame\u00bb. De quoi susciter l\u2019ire de Paris.\n<\/p>\n<p>            <a href=\"https:\/\/www.lefigaro.fr\/international\/c-est-un-gachis-mais-il-etait-previsible-au-mali-le-chaos-s-est-aggrave-depuis-le-retrait-des-francais-20251114\" class=\"fig-ranking-profile-link\" aria-label=\"\u00abC\u2019est un g\u00e2chis mais il \u00e9tait pr\u00e9visible\u00bb\u00a0:\u00a0au Mali, le chaos s\u2019est aggrav\u00e9 depuis le retrait des Fran\u00e7ais (article Premium)\" title=\"\u00abC\u2019est un g\u00e2chis mais il \u00e9tait pr\u00e9visible\u00bb\u00a0:\u00a0au Mali, le chaos s\u2019est aggrav\u00e9 depuis le retrait des Fran\u00e7ais (article Premium)\" data-fig-domain=\"LEFIGARO\" target=\"_blank\" rel=\"noopener\"><\/p>\n<p>        \u00abC\u2019est un g\u00e2chis mais il \u00e9tait pr\u00e9visible\u00bb\u00a0:\u00a0au Mali, le chaos s\u2019est aggrav\u00e9 depuis le retrait des Fran\u00e7ais<\/p>\n<p>                                                <\/a><\/p>\n<p>        <img   class=\"fig-img fig-ranking-profile-media-small-picture__photo\" alt=\"\u00abC\u2019est un g\u00e2chis mais il \u00e9tait pr\u00e9visible\u00bb\u00a0:\u00a0au Mali, le chaos s\u2019est aggrav\u00e9 depuis le retrait des Fran\u00e7ais\" height=\"1603\" width=\"2850\"\/><\/p>\n<p class=\"fig-ranking-profile-standfirst\">\n    <strong>D\u00c9CRYPTAGE <\/strong>&#8211; Apr\u00e8s le renvoi de l\u2019arm\u00e9e fran\u00e7aise en 2022, les combattants russes de Wagner puis de l\u2019Africacorps n\u2019ont pas pu emp\u00eacher les djihadistes de menacer \u00e0 nouveau la capitale, Bamako.<\/p>\n","protected":false},"excerpt":{"rendered":"Au Japon, la nouvelle premi\u00e8re ministre au c\u0153ur de la controverse pour avoir fait travailler ses collaborateurs \u00e0&hellip;\n","protected":false},"author":2,"featured_media":541098,"comment_status":"","ping_status":"","sticky":false,"template":"","format":"standard","meta":{"footnotes":""},"categories":[5],"tags":[11,75,1011,27,14,5697,8721,12,28],"class_list":{"0":"post-541097","1":"post","2":"type-post","3":"status-publish","4":"format-standard","5":"has-post-thumbnail","7":"category-international","8":"tag-actualites","9":"tag-donald-trump","10":"tag-fr","11":"tag-france","12":"tag-international","13":"tag-mexique","14":"tag-narcotrafic","15":"tag-news","16":"tag-world"},"share_on_mastodon":{"url":"https:\/\/pubeurope.com\/@fr\/115567197099443365","error":""},"_links":{"self":[{"href":"https:\/\/www.europesays.com\/fr\/wp-json\/wp\/v2\/posts\/541097","targetHints":{"allow":["GET"]}}],"collection":[{"href":"https:\/\/www.europesays.com\/fr\/wp-json\/wp\/v2\/posts"}],"about":[{"href":"https:\/\/www.europesays.com\/fr\/wp-json\/wp\/v2\/types\/post"}],"author":[{"embeddable":true,"href":"https:\/\/www.europesays.com\/fr\/wp-json\/wp\/v2\/users\/2"}],"replies":[{"embeddable":true,"href":"https:\/\/www.europesays.com\/fr\/wp-json\/wp\/v2\/comments?post=541097"}],"version-history":[{"count":0,"href":"https:\/\/www.europesays.com\/fr\/wp-json\/wp\/v2\/posts\/541097\/revisions"}],"wp:featuredmedia":[{"embeddable":true,"href":"https:\/\/www.europesays.com\/fr\/wp-json\/wp\/v2\/media\/541098"}],"wp:attachment":[{"href":"https:\/\/www.europesays.com\/fr\/wp-json\/wp\/v2\/media?parent=541097"}],"wp:term":[{"taxonomy":"category","embeddable":true,"href":"https:\/\/www.europesays.com\/fr\/wp-json\/wp\/v2\/categories?post=541097"},{"taxonomy":"post_tag","embeddable":true,"href":"https:\/\/www.europesays.com\/fr\/wp-json\/wp\/v2\/tags?post=541097"}],"curies":[{"name":"wp","href":"https:\/\/api.w.org\/{rel}","templated":true}]}}