{"id":541110,"date":"2025-11-17T21:43:17","date_gmt":"2025-11-17T21:43:17","guid":{"rendered":"https:\/\/www.europesays.com\/fr\/541110\/"},"modified":"2025-11-17T21:43:17","modified_gmt":"2025-11-17T21:43:17","slug":"la-farlede-resilience-presentation-du-plan-communal-et-du-dicrim","status":"publish","type":"post","link":"https:\/\/www.europesays.com\/fr\/541110\/","title":{"rendered":"La Farl\u00e8de r\u00e9silience : pr\u00e9sentation du plan communal et du DICRIM"},"content":{"rendered":"<p>\t\t\t\t\t\t\t\t<strong>Informer sur les risques majeurs<\/strong><\/p>\n<p data-start=\"1519\" data-end=\"1980\">La Farl\u00e8de r\u00e9silience repose sur une politique claire d\u2019information et de pr\u00e9vention.<br data-start=\"1604\" data-end=\"1607\"\/>La commune a expliqu\u00e9 le r\u00f4le du <strong data-start=\"1640\" data-end=\"1708\">Document d\u2019Information Communal sur les Risques Majeurs (DICRIM)<\/strong> et du <strong data-start=\"1715\" data-end=\"1752\">Plan Communal de Sauvegarde (PCS)<\/strong>.<br data-start=\"1753\" data-end=\"1756\"\/>Ces deux outils recensent les risques identifi\u00e9s sur le territoire et d\u00e9taillent les consignes \u00e0 suivre en cas de crise.<br data-start=\"1876\" data-end=\"1879\"\/>Les habitants ont pu \u00e9changer avec les \u00e9lus sur les alertes, les \u00e9vacuations et les zones s\u00e9curis\u00e9es.<\/p>\n<p><img loading=\"lazy\" decoding=\"async\" class=\"size-full wp-image-56766\" src=\"https:\/\/www.europesays.com\/fr\/wp-content\/uploads\/2025\/11\/La-Farlede-presente-le-nouveau-DICRIM.jpg\" alt=\"La Farl\u00e8de r\u00e9silience\" width=\"800\" height=\"449\"  \/>Lilian Cardona le DGS de la Ville de La Farl\u00e8de fait une pr\u00e9sentation d\u00e9taill\u00e9e du nouveau DICRIM et du PCS<br \/>\n<strong data-start=\"1991\" data-end=\"2035\">Des moyens concrets pour agir localement<\/strong><\/p>\n<p data-start=\"2038\" data-end=\"2537\">Les \u00e9lus ont pr\u00e9sent\u00e9 la <strong data-start=\"2063\" data-end=\"2110\">R\u00e9serve Communale de S\u00e9curit\u00e9 Civile (RCSC)<\/strong>.<br data-start=\"2111\" data-end=\"2114\"\/>Ce groupe de b\u00e9n\u00e9voles soutient la mairie lors d\u2019\u00e9v\u00e9nements majeurs.<br data-start=\"2182\" data-end=\"2185\"\/>Ses membres participent \u00e0 la surveillance des feux de for\u00eat, aux plans canicule et \u00e0 la gestion de crise.<br data-start=\"2290\" data-end=\"2293\"\/>Le service <strong data-start=\"2304\" data-end=\"2350\">S\u00e9curit\u00e9 et Pr\u00e9vention des Risques Majeurs<\/strong>, dirig\u00e9 par Franck Giraudo, coordonne l\u2019ensemble du dispositif et met \u00e0 jour les plans de pr\u00e9vention.<br data-start=\"2452\" data-end=\"2455\"\/>Cette organisation renforce la <strong data-start=\"2486\" data-end=\"2507\">r\u00e9silience locale<\/strong> et la r\u00e9activit\u00e9 des \u00e9quipes.<\/p>\n<p><strong data-start=\"2548\" data-end=\"2592\">Un engagement reconnu au niveau national<\/strong><\/p>\n<p data-start=\"2595\" data-end=\"2893\">La Farl\u00e8de r\u00e9silience a \u00e9t\u00e9 reconnue par le <strong data-start=\"2639\" data-end=\"2696\">label R\u00e9silience France Collectivit\u00e9s \u2013 trois \u00e9toiles<\/strong>.<br data-start=\"2697\" data-end=\"2700\"\/>Cette distinction nationale valorise le travail de coordination entre la mairie, les services et les habitants.<br data-start=\"2811\" data-end=\"2814\"\/>Elle confirme une d\u00e9marche collective ax\u00e9e sur la pr\u00e9paration et la solidarit\u00e9.<\/p>\n<p>L\u2019\u00e9v\u00e9nement a permis d\u2019expliquer les outils de pr\u00e9vention et d\u2019encourager la vigilance citoyenne.<br data-start=\"3028\" data-end=\"3031\"\/>La Farl\u00e8de poursuit son engagement pour un territoire plus r\u00e9silient.<\/p>\n<p>A lire aussi sur la ville de La Farl\u00e8de<\/p>\n<p><a href=\"https:\/\/www.info83.fr\/?s=la+farl%C3%A8de\" target=\"_blank\" rel=\"noopener\">La Farl\u00e8de en transition\u00a0<\/a><\/p>\n<p><strong><img decoding=\"async\" class=\"emoji\" role=\"img\" draggable=\"false\" src=\"https:\/\/s.w.org\/images\/core\/emoji\/13.1.0\/svg\/1f538.svg\" alt=\"\ud83d\udd38\" data-pin-no-hover=\"true\"\/>Info83, le Var proche de vous<br \/><\/strong><\/p>\n<p><img decoding=\"async\" class=\"emoji\" role=\"img\" draggable=\"false\" src=\"https:\/\/s.w.org\/images\/core\/emoji\/13.1.0\/svg\/27a1.svg\" alt=\"\u27a1\ufe0f\" data-pin-no-hover=\"true\"\/>\u00a0<a href=\"https:\/\/bit.ly\/2OZZMMK\" target=\"_blank\" rel=\"noopener noreferrer\">Facebook Info83<\/a><\/p>\n<p><img decoding=\"async\" class=\"emoji\" role=\"img\" draggable=\"false\" src=\"https:\/\/s.w.org\/images\/core\/emoji\/13.1.0\/svg\/27a1.svg\" alt=\"\u27a1\ufe0f\" data-pin-no-hover=\"true\"\/>\u00a0<a href=\"https:\/\/bit.ly\/2ONkTC9\" target=\"_blank\" rel=\"noopener noreferrer\">Youtube Info83<\/a><\/p>\n","protected":false},"excerpt":{"rendered":"Informer sur les risques majeurs La Farl\u00e8de r\u00e9silience repose sur une politique claire d\u2019information et de pr\u00e9vention.La commune&hellip;\n","protected":false},"author":2,"featured_media":541111,"comment_status":"","ping_status":"","sticky":false,"template":"","format":"standard","meta":{"footnotes":""},"categories":[9619],"tags":[1111,11,65922,1777,674,1011,27,65923,65924,12,54994,65925,882,25,65926,65927,65928,65929,2310],"class_list":{"0":"post-541110","1":"post","2":"type-post","3":"status-publish","4":"format-standard","5":"has-post-thumbnail","7":"category-toulon","8":"tag-actu","9":"tag-actualites","10":"tag-dicrim-la-farlede","11":"tag-eu","12":"tag-europe","13":"tag-fr","14":"tag-france","15":"tag-gestion-des-crises-locales","16":"tag-journee-nationale-de-la-resilience","17":"tag-news","18":"tag-plan-communal-de-sauvegarde","19":"tag-prevention-des-risques-var","20":"tag-provence-alpes-cote-dazur","21":"tag-republique-francaise","22":"tag-reserve-communale-de-securite-civile","23":"tag-resilience-france-collectivites","24":"tag-risques-majeurs-var","25":"tag-securite-civile-la-farlede","26":"tag-toulon"},"share_on_mastodon":{"url":"https:\/\/pubeurope.com\/@fr\/115567226346673573","error":""},"_links":{"self":[{"href":"https:\/\/www.europesays.com\/fr\/wp-json\/wp\/v2\/posts\/541110","targetHints":{"allow":["GET"]}}],"collection":[{"href":"https:\/\/www.europesays.com\/fr\/wp-json\/wp\/v2\/posts"}],"about":[{"href":"https:\/\/www.europesays.com\/fr\/wp-json\/wp\/v2\/types\/post"}],"author":[{"embeddable":true,"href":"https:\/\/www.europesays.com\/fr\/wp-json\/wp\/v2\/users\/2"}],"replies":[{"embeddable":true,"href":"https:\/\/www.europesays.com\/fr\/wp-json\/wp\/v2\/comments?post=541110"}],"version-history":[{"count":0,"href":"https:\/\/www.europesays.com\/fr\/wp-json\/wp\/v2\/posts\/541110\/revisions"}],"wp:featuredmedia":[{"embeddable":true,"href":"https:\/\/www.europesays.com\/fr\/wp-json\/wp\/v2\/media\/541111"}],"wp:attachment":[{"href":"https:\/\/www.europesays.com\/fr\/wp-json\/wp\/v2\/media?parent=541110"}],"wp:term":[{"taxonomy":"category","embeddable":true,"href":"https:\/\/www.europesays.com\/fr\/wp-json\/wp\/v2\/categories?post=541110"},{"taxonomy":"post_tag","embeddable":true,"href":"https:\/\/www.europesays.com\/fr\/wp-json\/wp\/v2\/tags?post=541110"}],"curies":[{"name":"wp","href":"https:\/\/api.w.org\/{rel}","templated":true}]}}