{"id":541116,"date":"2025-11-17T21:46:13","date_gmt":"2025-11-17T21:46:13","guid":{"rendered":"https:\/\/www.europesays.com\/fr\/541116\/"},"modified":"2025-11-17T21:46:13","modified_gmt":"2025-11-17T21:46:13","slug":"un-dysfonctionnement-electrique-est-il-en-cause","status":"publish","type":"post","link":"https:\/\/www.europesays.com\/fr\/541116\/","title":{"rendered":"un dysfonctionnement \u00e9lectrique est-il en cause\u00a0?"},"content":{"rendered":"<p>                    Par<br \/>\n        <strong><br \/>\n            <a href=\"https:\/\/actu.fr\/auteur\/jm-aubert\" title=\"Consulter tous les articles de Jean-Marc Aubert\" rel=\"nofollow noopener\" target=\"_blank\">Jean-Marc Aubert<\/a><br \/>\n                    <\/strong><\/p>\n<p>        Publi\u00e9 le<\/p>\n<p>            17 nov. 2025 \u00e0 16h55<br \/>\n        ; mis \u00e0 jour le 17 nov. 2025 \u00e0 16h58    <\/p>\n<p>Un <strong>dysfonctionnement d\u2019un compteur \u00e9lectrique<\/strong> pourrait \u00eatre la cause du violent incendie qui a ravag\u00e9 un immeuble de trois \u00e9tages entre le Quai des Tanneurs et le boulevard Louis Blanc, ce dimanche 16 novembre 2025, \u00e0<strong> Montpellier.<\/strong><\/p>\n<p class=\" wall-content\">C\u2019est une hypoth\u00e8se de travail des enqu\u00eateurs du <strong>Service local de police judiciaire<\/strong> -Slpj- du commissariat central qui attendent les conclusions des investigations de la police technique et scientifique et d\u2019un expert d\u2019un laboratoire incendie. Les recherches dans les d\u00e9combres pour isoler l\u2019endroit d\u2019o\u00f9 les flammes sont parties ne font que commencer.<\/p>\n<p class=\" wall-content\">23 locataires \u00e9taient pr\u00e9sents dans les appartements quand l\u2019incendie s\u2019est d\u00e9clar\u00e9 vers 15h15 au deuxi\u00e8me \u00e9tage, avant de se propager \u00e0 une vitesse inou\u00efe dans ce b\u00e2timent ancien construit avec des charpentes en bois, des planchers qui ont favoris\u00e9 la propagation au dernier \u00e9tage, puis aux combles et \u00e0 la foire. Une surface de 450m2 a enti\u00e8rement br\u00fbl\u00e9. La circulation a \u00e9t\u00e9 coup\u00e9e, tout comme le trafic du tramway pour permettre l\u2019op\u00e9ration des secours.<\/p>\n<p>    <a href=\"https:\/\/www.google.com\/maps\/embed?pb=!1m18!1m12!1m3!1d2395.5680524962236!2d3.87723835700182!3d43.614977944036994!2m3!1f0!2f0!3f0!3m2!1i1024!2i768!4f13.1!3m3!1m2!1s0x12b6af094bfeec69%3A0x1fdf985b03010637!2s21%20Bd%20Louis%20Blanc%2C%2034090%20Montpellier!5e0!3m2!1sfr!2sfr!4v1763394867729!5m2!1sfr!2sfr\" title=\"Ouvrie le lien\" rel=\"nofollow noopener\" target=\"_blank\">Cliquez ici pour visualiser le contenu<\/a><\/p>\n<p>Risque d\u2019effondrement<\/p>\n<p class=\" wall-content\">Les quelque 80 sapeurs-pompiers du <strong>Sdis 34<\/strong> venus des casernes de Montpellier et alentour, avec de nombreux engins, dont deux grandes \u00e9chelles pivotantes automatiques, ont lutt\u00e9 pendant cinq heures pour venir \u00e0 bout du sinistre. \u00c0 18h30, dimanche, une vid\u00e9o adress\u00e9e \u00e0 <strong>M\u00e9tropolitain<\/strong> montrait encore des flammes d\u00e9vorant planchers et plafonds dans cet immeuble. Avec un risque \u00e9lev\u00e9 d\u2019un effondrement.<\/p>\n<p>Vid\u00e9os : en ce moment sur Actu<\/p>\n<p class=\" wall-content\">\n<p class=\" wall-content\">Dans une autre vid\u00e9o, du Sdis 34 cette fois, le <strong>commandant des op\u00e9rations de secours<\/strong> -COS- le lieutenant-colonel Alain Verger r\u00e9v\u00e9lait depuis le poste de commandement que, \u00ab\u00a0le d\u00e9gagement important des fum\u00e9es et l\u2019eau d\u00e9vers\u00e9e pour \u00e9teindre l\u2019incendie avaient provoqu\u00e9 des dommages au rez-de-chauss\u00e9e et au premier \u00e9tage, entra\u00eenant treize personnes au ch\u00f4mage technique\u00a0\u00bb.<\/p>\n<p class=\" wall-content\">Un bar, qui annonce d\u2019ailleurs qu\u2019il est ferm\u00e9 sur les r\u00e9seaux sociaux et le p\u00f4le m\u00e9dical de ce secteur, situ\u00e9 entre le centre historique et le quartier des Beaux Arts sont impact\u00e9s, en effet. Ce cabinet qui regroupe notamment des m\u00e9decins et des infirmiers est \u00e9galement ferm\u00e9 jusqu\u2019\u00e0 nouvel ordre.<\/p>\n<p>Votre r\u00e9gion, votre actu !<\/p>\n<p>Recevez chaque jour les infos qui comptent pour vous.<\/p>\n<p>\t<a href=\"https:\/\/actu.fr\/newsletter\" class=\"ac-btn ac-btn--corner ac-btn--medium ac-btn--blue800\" rel=\"nofollow noopener\" target=\"_blank\">S&rsquo;incrire<\/a><\/p>\n<p class=\" wall-content\">Un \u00e9lu de la Ville de Montpellier \u00e9tait sur les lieux dimanche, en fin d\u2019apr\u00e8s-midi pour permettre aux locataires, dont des enfants, \u00e0 la rue et qui ont tout perdu d\u2019\u00eatre relog\u00e9s, notamment celles et ceux qui ne peuvent pas \u00eatre accueillis dans des familles ou chez des amis. Trois d\u2019entre-eux ayant inhal\u00e9 des fum\u00e9es toxiques d\u00e8s le d\u00e9part de l\u2019incendie ont \u00e9t\u00e9 examin\u00e9s aux urgences du CHU. Trois sapeurs-pompiers ayant eu un coup de chaud et ayant \u00e9t\u00e9 l\u00e9g\u00e8rement bless\u00e9s, selon le COS, ont \u00e9t\u00e9 mis au repos. Des \u00ab\u00a0soldats du feu\u00a0\u00bb sont rest\u00e9s quasiment toute la nuit pour \u00e9viter toute reprise et veiller \u00e0 s\u00e9curiser l\u2019immeuble, des t\u00e9moins ont vu des tuiles tomber du toit.<\/p>\n<p class=\" wall-content\">\n<p class=\" wall-content\">La mobilisation rapide et massive des pompiers a permis de sauver les immeubles mitoyens. Place d\u00e9sormais \u00e0 l\u2019enqu\u00eate judiciaire supervis\u00e9e par le procureur de la R\u00e9publique de Montpellier.<\/p>\n<p class=\" wall-content\">Personnalisez votre actualit\u00e9 en ajoutant vos villes et m\u00e9dias en favori avec <a href=\"https:\/\/moncompte.actu.fr\" title=\"D\u00e9couvez Mon Actu\" rel=\"nofollow noopener\" data-trk=\"{&quot;cta&quot;:{&quot;action&quot;:&quot;https:\\\/\\\/moncompte.actu.fr&quot;,&quot;category&quot;:&quot;mon compte&quot;,&quot;from&quot;:&quot;article footer&quot;,&quot;name&quot;:&quot;Mon actu&quot;,&quot;type&quot;:&quot;cta&quot;}}\" target=\"_blank\">Mon Actu<\/a>.<\/p>\n","protected":false},"excerpt":{"rendered":"Par Jean-Marc Aubert Publi\u00e9 le 17 nov. 2025 \u00e0 16h55 ; mis \u00e0 jour le 17 nov. 2025&hellip;\n","protected":false},"author":2,"featured_media":541117,"comment_status":"","ping_status":"","sticky":false,"template":"","format":"standard","meta":{"footnotes":""},"categories":[9599],"tags":[1111,11,1777,674,118,1011,27,1310,2208,12,2680,1072,1311,25],"class_list":{"0":"post-541116","1":"post","2":"type-post","3":"status-publish","4":"format-standard","5":"has-post-thumbnail","7":"category-montpellier","8":"tag-actu","9":"tag-actualites","10":"tag-eu","11":"tag-europe","12":"tag-faits-divers","13":"tag-fr","14":"tag-france","15":"tag-incendie","16":"tag-montpellier","17":"tag-news","18":"tag-occitanie","19":"tag-police","20":"tag-pompiers","21":"tag-republique-francaise"},"share_on_mastodon":{"url":"https:\/\/pubeurope.com\/@fr\/115567236439399641","error":""},"_links":{"self":[{"href":"https:\/\/www.europesays.com\/fr\/wp-json\/wp\/v2\/posts\/541116","targetHints":{"allow":["GET"]}}],"collection":[{"href":"https:\/\/www.europesays.com\/fr\/wp-json\/wp\/v2\/posts"}],"about":[{"href":"https:\/\/www.europesays.com\/fr\/wp-json\/wp\/v2\/types\/post"}],"author":[{"embeddable":true,"href":"https:\/\/www.europesays.com\/fr\/wp-json\/wp\/v2\/users\/2"}],"replies":[{"embeddable":true,"href":"https:\/\/www.europesays.com\/fr\/wp-json\/wp\/v2\/comments?post=541116"}],"version-history":[{"count":0,"href":"https:\/\/www.europesays.com\/fr\/wp-json\/wp\/v2\/posts\/541116\/revisions"}],"wp:featuredmedia":[{"embeddable":true,"href":"https:\/\/www.europesays.com\/fr\/wp-json\/wp\/v2\/media\/541117"}],"wp:attachment":[{"href":"https:\/\/www.europesays.com\/fr\/wp-json\/wp\/v2\/media?parent=541116"}],"wp:term":[{"taxonomy":"category","embeddable":true,"href":"https:\/\/www.europesays.com\/fr\/wp-json\/wp\/v2\/categories?post=541116"},{"taxonomy":"post_tag","embeddable":true,"href":"https:\/\/www.europesays.com\/fr\/wp-json\/wp\/v2\/tags?post=541116"}],"curies":[{"name":"wp","href":"https:\/\/api.w.org\/{rel}","templated":true}]}}