{"id":541120,"date":"2025-11-17T21:49:11","date_gmt":"2025-11-17T21:49:11","guid":{"rendered":"https:\/\/www.europesays.com\/fr\/541120\/"},"modified":"2025-11-17T21:49:11","modified_gmt":"2025-11-17T21:49:11","slug":"grenoble-un-logement-endommage-par-un-incendie-place-championnet","status":"publish","type":"post","link":"https:\/\/www.europesays.com\/fr\/541120\/","title":{"rendered":"Grenoble. Un logement endommag\u00e9 par un incendie place Championnet"},"content":{"rendered":"<p>Un incendie s\u2019est d\u00e9clar\u00e9 ce lundi vers 21\u00a0h\u00a015 dans un appartement situ\u00e9 au rez-de-chauss\u00e9e d\u2019un immeuble de la place Championnet, dans le centre-ville de Grenoble. Le sinistre n\u2019a pas fait de victime et a \u00e9t\u00e9 \u00e9teint au moyen d\u2019une lance par les sapeurs-pompiers. L\u2019appartement a \u00e9t\u00e9 s\u00e9rieusement endommag\u00e9 et ses occupants ont \u00e9t\u00e9 relog\u00e9s par des proches.<\/p>\n","protected":false},"excerpt":{"rendered":"Un incendie s\u2019est d\u00e9clar\u00e9 ce lundi vers 21\u00a0h\u00a015 dans un appartement situ\u00e9 au rez-de-chauss\u00e9e d\u2019un immeuble de la&hellip;\n","protected":false},"author":2,"featured_media":541121,"comment_status":"","ping_status":"","sticky":false,"template":"","format":"standard","meta":{"footnotes":""},"categories":[9566],"tags":[1111,11,2430,112,1777,674,274,1011,27,2731,2732,1310,108,12,25],"class_list":{"0":"post-541120","1":"post","2":"type-post","3":"status-publish","4":"format-standard","5":"has-post-thumbnail","7":"category-grenoble","8":"tag-actu","9":"tag-actualites","10":"tag-auvergne-rhone-alpes","11":"tag-edition-grenoble-agglomeration","12":"tag-eu","13":"tag-europe","14":"tag-faits-divers-justice","15":"tag-fr","16":"tag-france","17":"tag-grenoble","18":"tag-grenoble-bassin","19":"tag-incendie","20":"tag-isere","21":"tag-news","22":"tag-republique-francaise"},"share_on_mastodon":{"url":"https:\/\/pubeurope.com\/@fr\/115567248348597786","error":""},"_links":{"self":[{"href":"https:\/\/www.europesays.com\/fr\/wp-json\/wp\/v2\/posts\/541120","targetHints":{"allow":["GET"]}}],"collection":[{"href":"https:\/\/www.europesays.com\/fr\/wp-json\/wp\/v2\/posts"}],"about":[{"href":"https:\/\/www.europesays.com\/fr\/wp-json\/wp\/v2\/types\/post"}],"author":[{"embeddable":true,"href":"https:\/\/www.europesays.com\/fr\/wp-json\/wp\/v2\/users\/2"}],"replies":[{"embeddable":true,"href":"https:\/\/www.europesays.com\/fr\/wp-json\/wp\/v2\/comments?post=541120"}],"version-history":[{"count":0,"href":"https:\/\/www.europesays.com\/fr\/wp-json\/wp\/v2\/posts\/541120\/revisions"}],"wp:featuredmedia":[{"embeddable":true,"href":"https:\/\/www.europesays.com\/fr\/wp-json\/wp\/v2\/media\/541121"}],"wp:attachment":[{"href":"https:\/\/www.europesays.com\/fr\/wp-json\/wp\/v2\/media?parent=541120"}],"wp:term":[{"taxonomy":"category","embeddable":true,"href":"https:\/\/www.europesays.com\/fr\/wp-json\/wp\/v2\/categories?post=541120"},{"taxonomy":"post_tag","embeddable":true,"href":"https:\/\/www.europesays.com\/fr\/wp-json\/wp\/v2\/tags?post=541120"}],"curies":[{"name":"wp","href":"https:\/\/api.w.org\/{rel}","templated":true}]}}